{"id":8096,"date":"2021-07-12T08:48:39","date_gmt":"2021-07-12T11:48:39","guid":{"rendered":"http:\/\/viacaofortaleza.com.br\/?p=8096"},"modified":"2021-07-12T09:46:14","modified_gmt":"2021-07-12T12:46:14","slug":"programa-transportando-saude-nas-cidades-sest-senat","status":"publish","type":"post","link":"http:\/\/viacaofortaleza.com.br\/index.php\/2021\/07\/12\/programa-transportando-saude-nas-cidades-sest-senat\/","title":{"rendered":"Programa Transportando Sa\u00fade nas Cidades &#8211; Sest Senat"},"content":{"rendered":"<p>\u2714Aten\u00e7\u00e3o colaboradores!<\/p>\n<p>Nesta quinta, 15\/07, de 13 \u00e0s 17h, teremos alguns servi\u00e7os do Programa Transportando Sa\u00fade nas Cidades, do Sest Senat, aqui na garagem da empresa.&nbsp;Contamos com sua participa\u00e7\u00e3o!&nbsp;<\/p>\n<div>\n<p><img loading=\"lazy\" class=\"emojioneemoji\" src=\"https:\/\/cdn.jsdelivr.net\/emojione\/assets\/4.0\/png\/32\/26a0.png\" alt=\"\u26a0\" width=\"17\" height=\"17\">N\u00e3o esque\u00e7am que o uso da m\u00e1scara de prote\u00e7\u00e3o \u00e9 obrigat\u00f3rio!<\/p>\n<div>&nbsp;<\/div>\n<p>#sestsenat #transportandosa\u00fade #sa\u00fade #preven\u00e7\u00e3o<\/p>\n<\/div>\n","protected":false},"excerpt":{"rendered":"<p>\u2714Aten\u00e7\u00e3o colaboradores! Nesta quinta, 15\/07, de 13 \u00e0s 17h, teremos alguns servi\u00e7os do Programa Transportando Sa\u00fade nas Cidades, do Sest Senat, aqui na garagem da empresa.&nbsp;Contamos com sua participa\u00e7\u00e3o!&nbsp; N\u00e3o esque\u00e7am que o uso da m\u00e1scara de prote\u00e7\u00e3o \u00e9 obrigat\u00f3rio! &nbsp; #sestsenat #transportandosa\u00fade #sa\u00fade #preven\u00e7\u00e3o<\/p>\n","protected":false},"author":1,"featured_media":8101,"comment_status":"open","ping_status":"open","sticky":false,"template":"","format":"standard","meta":{"_mi_skip_tracking":false,"_monsterinsights_sitenote_active":false,"_monsterinsights_sitenote_note":"","_monsterinsights_sitenote_category":0,"ngg_post_thumbnail":0},"categories":[12],"tags":[860],"_links":{"self":[{"href":"http:\/\/viacaofortaleza.com.br\/index.php\/wp-json\/wp\/v2\/posts\/8096"}],"collection":[{"href":"http:\/\/viacaofortaleza.com.br\/index.php\/wp-json\/wp\/v2\/posts"}],"about":[{"href":"http:\/\/viacaofortaleza.com.br\/index.php\/wp-json\/wp\/v2\/types\/post"}],"author":[{"embeddable":true,"href":"http:\/\/viacaofortaleza.com.br\/index.php\/wp-json\/wp\/v2\/users\/1"}],"replies":[{"embeddable":true,"href":"http:\/\/viacaofortaleza.com.br\/index.php\/wp-json\/wp\/v2\/comments?post=8096"}],"version-history":[{"count":3,"href":"http:\/\/viacaofortaleza.com.br\/index.php\/wp-json\/wp\/v2\/posts\/8096\/revisions"}],"predecessor-version":[{"id":8102,"href":"http:\/\/viacaofortaleza.com.br\/index.php\/wp-json\/wp\/v2\/posts\/8096\/revisions\/8102"}],"wp:featuredmedia":[{"embeddable":true,"href":"http:\/\/viacaofortaleza.com.br\/index.php\/wp-json\/wp\/v2\/media\/8101"}],"wp:attachment":[{"href":"http:\/\/viacaofortaleza.com.br\/index.php\/wp-json\/wp\/v2\/media?parent=8096"}],"wp:term":[{"taxonomy":"category","embeddable":true,"href":"http:\/\/viacaofortaleza.com.br\/index.php\/wp-json\/wp\/v2\/categories?post=8096"},{"taxonomy":"post_tag","embeddable":true,"href":"http:\/\/viacaofortaleza.com.br\/index.php\/wp-json\/wp\/v2\/tags?post=8096"}],"curies":[{"name":"wp","href":"https:\/\/api.w.org\/{rel}","templated":true}]}}