{"id":8105,"date":"2021-07-16T08:26:23","date_gmt":"2021-07-16T11:26:23","guid":{"rendered":"http:\/\/viacaofortaleza.com.br\/?p=8105"},"modified":"2021-07-16T08:34:23","modified_gmt":"2021-07-16T11:34:23","slug":"transportando-saude-nas-cidades-sest-senat","status":"publish","type":"post","link":"http:\/\/viacaofortaleza.com.br\/index.php\/2021\/07\/16\/transportando-saude-nas-cidades-sest-senat\/","title":{"rendered":"Transportando Sa\u00fade nas Cidades &#8211; Sest Senat"},"content":{"rendered":"<div class=\"kvgmc6g5 cxmmr5t8 oygrvhab hcukyx3x c1et5uql ii04i59q\">\n<div dir=\"auto\">O SEST SENAT Fortaleza segue com o projeto Transportando Sa\u00fade nas Cidades, desta vez com os motoristas e cobradores da Via\u00e7\u00e3o Fortaleza, com orienta\u00e7\u00f5es de nossos profissionais de Odontologia, Psicologia, Fisioterapia e Nutri\u00e7\u00e3o.<\/div>\n<div dir=\"auto\">&nbsp;<\/div>\n<div dir=\"auto\">Tudo para uma vida melhor para quem transporta os fortalezenses todos os dias!<\/div>\n<\/div>\n<div class=\"o9v6fnle cxmmr5t8 oygrvhab hcukyx3x c1et5uql ii04i59q\">&nbsp;<\/div>\n<div class=\"o9v6fnle cxmmr5t8 oygrvhab hcukyx3x c1et5uql ii04i59q\">\n<div dir=\"auto\">&nbsp;<\/div>\n<\/div>\n<div class=\"o9v6fnle cxmmr5t8 oygrvhab hcukyx3x c1et5uql ii04i59q\">\n<div dir=\"auto\"><a class=\"oajrlxb2 g5ia77u1 qu0x051f esr5mh6w e9989ue4 r7d6kgcz rq0escxv nhd2j8a9 nc684nl6 p7hjln8o kvgmc6g5 cxmmr5t8 oygrvhab hcukyx3x jb3vyjys rz4wbd8a qt6c0cv9 a8nywdso i1ao9s8h esuyzwwr f1sip0of lzcic4wl q66pz984 gpro0wi8 b1v8xokw\" tabindex=\"0\" role=\"link\" href=\"https:\/\/www.facebook.com\/hashtag\/sestsenatfortaleza?__eep__=6&amp;__cft__[0]=AZU85aFfgxl_apCFl7B4Pe_cYHeMD0Fi2HOdJvfwllv8FzUKPPfGdcn1wn58xX8ufMwQhF3ER5Nr-_54Yy-bqjmXlGP0uhG557g7Xwp9Q4tw_umPS9CYnPZdjCZ9ClHE47D83p5RQYq5b-RypFKBCFdO&amp;__tn__=*NK-R\">#sestsenatfortaleza<\/a>&nbsp;<a class=\"oajrlxb2 g5ia77u1 qu0x051f esr5mh6w e9989ue4 r7d6kgcz rq0escxv nhd2j8a9 nc684nl6 p7hjln8o kvgmc6g5 cxmmr5t8 oygrvhab hcukyx3x jb3vyjys rz4wbd8a qt6c0cv9 a8nywdso i1ao9s8h esuyzwwr f1sip0of lzcic4wl q66pz984 gpro0wi8 b1v8xokw\" tabindex=\"0\" role=\"link\" href=\"https:\/\/www.facebook.com\/hashtag\/fetrans?__eep__=6&amp;__cft__[0]=AZU85aFfgxl_apCFl7B4Pe_cYHeMD0Fi2HOdJvfwllv8FzUKPPfGdcn1wn58xX8ufMwQhF3ER5Nr-_54Yy-bqjmXlGP0uhG557g7Xwp9Q4tw_umPS9CYnPZdjCZ9ClHE47D83p5RQYq5b-RypFKBCFdO&amp;__tn__=*NK-R\">#fetrans<\/a><\/div>\n<\/div>\n","protected":false},"excerpt":{"rendered":"<p>O SEST SENAT Fortaleza segue com o projeto Transportando Sa\u00fade nas Cidades, desta vez com os motoristas e cobradores da Via\u00e7\u00e3o Fortaleza, com orienta\u00e7\u00f5es de nossos profissionais de Odontologia, Psicologia, Fisioterapia e Nutri\u00e7\u00e3o. &nbsp; Tudo para uma vida melhor para quem transporta os fortalezenses todos os dias! &nbsp; &nbsp; #sestsenatfortaleza&nbsp;#fetrans<\/p>\n","protected":false},"author":1,"featured_media":8107,"comment_status":"open","ping_status":"open","sticky":false,"template":"","format":"standard","meta":{"_mi_skip_tracking":false,"_monsterinsights_sitenote_active":false,"_monsterinsights_sitenote_note":"","_monsterinsights_sitenote_category":0,"ngg_post_thumbnail":0},"categories":[12],"tags":[861],"_links":{"self":[{"href":"http:\/\/viacaofortaleza.com.br\/index.php\/wp-json\/wp\/v2\/posts\/8105"}],"collection":[{"href":"http:\/\/viacaofortaleza.com.br\/index.php\/wp-json\/wp\/v2\/posts"}],"about":[{"href":"http:\/\/viacaofortaleza.com.br\/index.php\/wp-json\/wp\/v2\/types\/post"}],"author":[{"embeddable":true,"href":"http:\/\/viacaofortaleza.com.br\/index.php\/wp-json\/wp\/v2\/users\/1"}],"replies":[{"embeddable":true,"href":"http:\/\/viacaofortaleza.com.br\/index.php\/wp-json\/wp\/v2\/comments?post=8105"}],"version-history":[{"count":4,"href":"http:\/\/viacaofortaleza.com.br\/index.php\/wp-json\/wp\/v2\/posts\/8105\/revisions"}],"predecessor-version":[{"id":8111,"href":"http:\/\/viacaofortaleza.com.br\/index.php\/wp-json\/wp\/v2\/posts\/8105\/revisions\/8111"}],"wp:featuredmedia":[{"embeddable":true,"href":"http:\/\/viacaofortaleza.com.br\/index.php\/wp-json\/wp\/v2\/media\/8107"}],"wp:attachment":[{"href":"http:\/\/viacaofortaleza.com.br\/index.php\/wp-json\/wp\/v2\/media?parent=8105"}],"wp:term":[{"taxonomy":"category","embeddable":true,"href":"http:\/\/viacaofortaleza.com.br\/index.php\/wp-json\/wp\/v2\/categories?post=8105"},{"taxonomy":"post_tag","embeddable":true,"href":"http:\/\/viacaofortaleza.com.br\/index.php\/wp-json\/wp\/v2\/tags?post=8105"}],"curies":[{"name":"wp","href":"https:\/\/api.w.org\/{rel}","templated":true}]}}