{"id":8152,"date":"2021-08-29T08:00:47","date_gmt":"2021-08-29T11:00:47","guid":{"rendered":"http:\/\/viacaofortaleza.com.br\/?p=8152"},"modified":"2021-08-04T16:07:59","modified_gmt":"2021-08-04T19:07:59","slug":"dia-nacional-de-combate-ao-fumo-3","status":"publish","type":"post","link":"http:\/\/viacaofortaleza.com.br\/index.php\/2021\/08\/29\/dia-nacional-de-combate-ao-fumo-3\/","title":{"rendered":"Dia Nacional de Combate ao Fumo"},"content":{"rendered":"<p>29 de agosto &#8211; Dia Nacional de Combate ao Fumo<\/p>\n<div>N\u00e3o deixe sua sa\u00fade virar fuma\u00e7a.&nbsp;<\/div>\n<div>&nbsp;<\/div>\n<div>O SUS &#8211; Sistema \u00danico de Sa\u00fade, garante tratamento gratuito, disponibilizando medicamentos,&nbsp;al\u00e9m de fornecer acompanhamento profissional para aqueles que desejam se livrar do v\u00edcio. Cuide-se!<\/div>\n<div>&nbsp;<\/div>\n<div>#n\u00e3oaofumo #simavida<\/div>\n","protected":false},"excerpt":{"rendered":"<p>29 de agosto &#8211; Dia Nacional de Combate ao Fumo N\u00e3o deixe sua sa\u00fade virar fuma\u00e7a.&nbsp; &nbsp; O SUS &#8211; Sistema \u00danico de Sa\u00fade, garante tratamento gratuito, disponibilizando medicamentos,&nbsp;al\u00e9m de fornecer acompanhamento profissional para aqueles que desejam se livrar do v\u00edcio. Cuide-se! &nbsp; #n\u00e3oaofumo #simavida<\/p>\n","protected":false},"author":1,"featured_media":8154,"comment_status":"open","ping_status":"open","sticky":false,"template":"","format":"standard","meta":{"_mi_skip_tracking":false,"_monsterinsights_sitenote_active":false,"_monsterinsights_sitenote_note":"","_monsterinsights_sitenote_category":0,"ngg_post_thumbnail":0},"categories":[3],"tags":[439],"_links":{"self":[{"href":"http:\/\/viacaofortaleza.com.br\/index.php\/wp-json\/wp\/v2\/posts\/8152"}],"collection":[{"href":"http:\/\/viacaofortaleza.com.br\/index.php\/wp-json\/wp\/v2\/posts"}],"about":[{"href":"http:\/\/viacaofortaleza.com.br\/index.php\/wp-json\/wp\/v2\/types\/post"}],"author":[{"embeddable":true,"href":"http:\/\/viacaofortaleza.com.br\/index.php\/wp-json\/wp\/v2\/users\/1"}],"replies":[{"embeddable":true,"href":"http:\/\/viacaofortaleza.com.br\/index.php\/wp-json\/wp\/v2\/comments?post=8152"}],"version-history":[{"count":1,"href":"http:\/\/viacaofortaleza.com.br\/index.php\/wp-json\/wp\/v2\/posts\/8152\/revisions"}],"predecessor-version":[{"id":8155,"href":"http:\/\/viacaofortaleza.com.br\/index.php\/wp-json\/wp\/v2\/posts\/8152\/revisions\/8155"}],"wp:featuredmedia":[{"embeddable":true,"href":"http:\/\/viacaofortaleza.com.br\/index.php\/wp-json\/wp\/v2\/media\/8154"}],"wp:attachment":[{"href":"http:\/\/viacaofortaleza.com.br\/index.php\/wp-json\/wp\/v2\/media?parent=8152"}],"wp:term":[{"taxonomy":"category","embeddable":true,"href":"http:\/\/viacaofortaleza.com.br\/index.php\/wp-json\/wp\/v2\/categories?post=8152"},{"taxonomy":"post_tag","embeddable":true,"href":"http:\/\/viacaofortaleza.com.br\/index.php\/wp-json\/wp\/v2\/tags?post=8152"}],"curies":[{"name":"wp","href":"https:\/\/api.w.org\/{rel}","templated":true}]}}