{"id":8272,"date":"2021-09-01T09:00:46","date_gmt":"2021-09-01T12:00:46","guid":{"rendered":"http:\/\/viacaofortaleza.com.br\/?p=8272"},"modified":"2021-08-30T11:54:34","modified_gmt":"2021-08-30T14:54:34","slug":"setembro-amarelo-chegou","status":"publish","type":"post","link":"http:\/\/viacaofortaleza.com.br\/index.php\/2021\/09\/01\/setembro-amarelo-chegou\/","title":{"rendered":"Setembro Amarelo chegou!\u00a0"},"content":{"rendered":"<p>Setembro Amarelo chegou!&nbsp;<img loading=\"lazy\" class=\"emojioneemoji\" src=\"https:\/\/cdn.jsdelivr.net\/emojione\/assets\/4.0\/png\/32\/1f49b.png\" alt=\"?\" width=\"17\" height=\"17\"><\/p>\n<p>M\u00eas voltado todo para o cuidado&nbsp;e preven\u00e7\u00e3o do suic\u00eddio.<\/p>\n<p>Ouvir \u00e9 a melhor doa\u00e7\u00e3o!&nbsp;<img loading=\"lazy\" class=\"emojioneemoji\" src=\"https:\/\/cdn.jsdelivr.net\/emojione\/assets\/4.0\/png\/32\/1f49b.png\" alt=\"?\" width=\"17\" height=\"17\">&nbsp;<\/p>\n<p>Se voc\u00ea conhece algu\u00e9m que esteja em estado&nbsp;depressivo ou tenha comentado sobre praticar suic\u00eddio,&nbsp;permane\u00e7a atento e dispon\u00edvel, escute, acolha e oriente da melhor forma. At\u00e9 mesmo na busca por um profissional&nbsp;qualificado na \u00e1rea, como psic\u00f3logos, terapeutas e psiquiatras.<\/p>\n<div>\n<div>&nbsp;<\/div>\n<p>Falar \u00e9 a melhor solu\u00e7\u00e3o!&nbsp;<img loading=\"lazy\" class=\"emojioneemoji\" src=\"https:\/\/cdn.jsdelivr.net\/emojione\/assets\/4.0\/png\/32\/1f49b.png\" alt=\"?\" width=\"17\" height=\"17\"><\/p>\n<div>Se voc\u00ea n\u00e3o est\u00e1 se sentindo muito bem, acreditando que a&nbsp;vida n\u00e3o tem mais sentido, busque ajuda! Converse com algu\u00e9m que&nbsp;lhe traga paz, busque acolhimento. N\u00e3o h\u00e1 motivos para vergonha ou medo!&nbsp;Procure um especialista.<\/div>\n<div>&nbsp;<\/div>\n<p>Voc\u00ea n\u00e3o est\u00e1 sozinho!&nbsp;<img loading=\"lazy\" class=\"emojioneemoji\" src=\"https:\/\/cdn.jsdelivr.net\/emojione\/assets\/4.0\/png\/32\/1f49b.png\" alt=\"?\" width=\"17\" height=\"17\"><\/p>\n<div>&nbsp;<\/div>\n<p>#setembroamarelo #setembro #preven\u00e7\u00e3oaosuic\u00eddio #combateaosuic\u00eddio<\/p><\/div>\n","protected":false},"excerpt":{"rendered":"<p>Setembro Amarelo chegou!&nbsp; M\u00eas voltado todo para o cuidado&nbsp;e preven\u00e7\u00e3o do suic\u00eddio. Ouvir \u00e9 a melhor doa\u00e7\u00e3o!&nbsp;&nbsp; Se voc\u00ea conhece algu\u00e9m que esteja em estado&nbsp;depressivo ou tenha comentado sobre praticar suic\u00eddio,&nbsp;permane\u00e7a atento e dispon\u00edvel, escute, acolha e oriente da melhor forma. At\u00e9 mesmo na busca por um profissional&nbsp;qualificado na \u00e1rea, como psic\u00f3logos, terapeutas e psiquiatras.&hellip; <br \/> <a class=\"read-more\" href=\"http:\/\/viacaofortaleza.com.br\/index.php\/2021\/09\/01\/setembro-amarelo-chegou\/\">Leia mais<\/a><\/p>\n","protected":false},"author":1,"featured_media":8273,"comment_status":"open","ping_status":"open","sticky":false,"template":"","format":"standard","meta":{"_mi_skip_tracking":false,"_monsterinsights_sitenote_active":false,"_monsterinsights_sitenote_note":"","_monsterinsights_sitenote_category":0,"ngg_post_thumbnail":0},"categories":[12],"tags":[894],"_links":{"self":[{"href":"http:\/\/viacaofortaleza.com.br\/index.php\/wp-json\/wp\/v2\/posts\/8272"}],"collection":[{"href":"http:\/\/viacaofortaleza.com.br\/index.php\/wp-json\/wp\/v2\/posts"}],"about":[{"href":"http:\/\/viacaofortaleza.com.br\/index.php\/wp-json\/wp\/v2\/types\/post"}],"author":[{"embeddable":true,"href":"http:\/\/viacaofortaleza.com.br\/index.php\/wp-json\/wp\/v2\/users\/1"}],"replies":[{"embeddable":true,"href":"http:\/\/viacaofortaleza.com.br\/index.php\/wp-json\/wp\/v2\/comments?post=8272"}],"version-history":[{"count":1,"href":"http:\/\/viacaofortaleza.com.br\/index.php\/wp-json\/wp\/v2\/posts\/8272\/revisions"}],"predecessor-version":[{"id":8274,"href":"http:\/\/viacaofortaleza.com.br\/index.php\/wp-json\/wp\/v2\/posts\/8272\/revisions\/8274"}],"wp:featuredmedia":[{"embeddable":true,"href":"http:\/\/viacaofortaleza.com.br\/index.php\/wp-json\/wp\/v2\/media\/8273"}],"wp:attachment":[{"href":"http:\/\/viacaofortaleza.com.br\/index.php\/wp-json\/wp\/v2\/media?parent=8272"}],"wp:term":[{"taxonomy":"category","embeddable":true,"href":"http:\/\/viacaofortaleza.com.br\/index.php\/wp-json\/wp\/v2\/categories?post=8272"},{"taxonomy":"post_tag","embeddable":true,"href":"http:\/\/viacaofortaleza.com.br\/index.php\/wp-json\/wp\/v2\/tags?post=8272"}],"curies":[{"name":"wp","href":"https:\/\/api.w.org\/{rel}","templated":true}]}}