{"id":8278,"date":"2021-09-10T08:00:45","date_gmt":"2021-09-10T11:00:45","guid":{"rendered":"http:\/\/viacaofortaleza.com.br\/?p=8278"},"modified":"2021-08-30T12:03:18","modified_gmt":"2021-08-30T15:03:18","slug":"dia-mundial-de-prevencao-ao-suicidio","status":"publish","type":"post","link":"http:\/\/viacaofortaleza.com.br\/index.php\/2021\/09\/10\/dia-mundial-de-prevencao-ao-suicidio\/","title":{"rendered":"Dia Mundial de Preven\u00e7\u00e3o ao Suic\u00eddio"},"content":{"rendered":"<p>10.09 &#8211; Dia Mundial de Preven\u00e7\u00e3o ao Suic\u00eddio<\/p>\n<div>\nQue tal espalhar&nbsp;<br \/>\n+ Amor&nbsp;&nbsp;<br \/>\n+ Empatia&nbsp;<br \/>\n+ Humanidade&nbsp;<br \/>\npor onde passar?<\/p>\n<div>&nbsp;<\/div>\n<p>No Dia Mundial de Preven\u00e7\u00e3o ao&nbsp;Suic\u00eddio, nada melhor do que espalhar&nbsp;boas vibra\u00e7\u00f5es por ai!<\/p>\n<div>&nbsp;<\/div>\n<p>#setembroamarelo #setembro #sentimentos #preven\u00e7\u00e3oaosuic\u00eddio<\/p>\n<div>&nbsp;<\/div>\n<\/div>\n","protected":false},"excerpt":{"rendered":"<p>10.09 &#8211; Dia Mundial de Preven\u00e7\u00e3o ao Suic\u00eddio Que tal espalhar&nbsp; + Amor&nbsp;&nbsp; + Empatia&nbsp; + Humanidade&nbsp; por onde passar? &nbsp; No Dia Mundial de Preven\u00e7\u00e3o ao&nbsp;Suic\u00eddio, nada melhor do que espalhar&nbsp;boas vibra\u00e7\u00f5es por ai! &nbsp; #setembroamarelo #setembro #sentimentos #preven\u00e7\u00e3oaosuic\u00eddio &nbsp;<\/p>\n","protected":false},"author":1,"featured_media":8279,"comment_status":"open","ping_status":"open","sticky":false,"template":"","format":"standard","meta":{"_mi_skip_tracking":false,"_monsterinsights_sitenote_active":false,"_monsterinsights_sitenote_note":"","_monsterinsights_sitenote_category":0,"ngg_post_thumbnail":0},"categories":[12,3],"tags":[896],"_links":{"self":[{"href":"http:\/\/viacaofortaleza.com.br\/index.php\/wp-json\/wp\/v2\/posts\/8278"}],"collection":[{"href":"http:\/\/viacaofortaleza.com.br\/index.php\/wp-json\/wp\/v2\/posts"}],"about":[{"href":"http:\/\/viacaofortaleza.com.br\/index.php\/wp-json\/wp\/v2\/types\/post"}],"author":[{"embeddable":true,"href":"http:\/\/viacaofortaleza.com.br\/index.php\/wp-json\/wp\/v2\/users\/1"}],"replies":[{"embeddable":true,"href":"http:\/\/viacaofortaleza.com.br\/index.php\/wp-json\/wp\/v2\/comments?post=8278"}],"version-history":[{"count":1,"href":"http:\/\/viacaofortaleza.com.br\/index.php\/wp-json\/wp\/v2\/posts\/8278\/revisions"}],"predecessor-version":[{"id":8280,"href":"http:\/\/viacaofortaleza.com.br\/index.php\/wp-json\/wp\/v2\/posts\/8278\/revisions\/8280"}],"wp:featuredmedia":[{"embeddable":true,"href":"http:\/\/viacaofortaleza.com.br\/index.php\/wp-json\/wp\/v2\/media\/8279"}],"wp:attachment":[{"href":"http:\/\/viacaofortaleza.com.br\/index.php\/wp-json\/wp\/v2\/media?parent=8278"}],"wp:term":[{"taxonomy":"category","embeddable":true,"href":"http:\/\/viacaofortaleza.com.br\/index.php\/wp-json\/wp\/v2\/categories?post=8278"},{"taxonomy":"post_tag","embeddable":true,"href":"http:\/\/viacaofortaleza.com.br\/index.php\/wp-json\/wp\/v2\/tags?post=8278"}],"curies":[{"name":"wp","href":"https:\/\/api.w.org\/{rel}","templated":true}]}}