{"id":8316,"date":"2021-09-13T10:36:39","date_gmt":"2021-09-13T13:36:39","guid":{"rendered":"http:\/\/viacaofortaleza.com.br\/?p=8316"},"modified":"2021-09-13T10:36:39","modified_gmt":"2021-09-13T13:36:39","slug":"setembro-amarelo-blitz-da-saude-mental","status":"publish","type":"post","link":"http:\/\/viacaofortaleza.com.br\/index.php\/2021\/09\/13\/setembro-amarelo-blitz-da-saude-mental\/","title":{"rendered":"Setembro Amarelo &#8211; Blitz da Sa\u00fade Mental"},"content":{"rendered":"<p>Nesta sexta, 10.09, realizamos uma Blitz da Sa\u00fade Mental! Aplicamos em nossos colaboradores, um question\u00e1rio de autocuidado para uma autoavalia\u00e7\u00e3o dos seus cuidados com a sua sa\u00fade mental. E presenteamos cada um uma rosa amarela, cor que representa esse m\u00eas t\u00e3o especial, dedicado \u00e0 Preven\u00e7\u00e3o ao Suic\u00eddio.<\/p>\n<p>Lembrando que o cuidado n\u00e3o para por aqui! Continuem se cuidado e busque ajuda sempre que precisar!<\/p>\n<p>#setembroamarelo #preven\u00e7\u00e3o #cuidado&nbsp;<\/p>\n","protected":false},"excerpt":{"rendered":"<p>Nesta sexta, 10.09, realizamos uma Blitz da Sa\u00fade Mental! Aplicamos em nossos colaboradores, um question\u00e1rio de autocuidado para uma autoavalia\u00e7\u00e3o dos seus cuidados com a sua sa\u00fade mental. E presenteamos cada um uma rosa amarela, cor que representa esse m\u00eas t\u00e3o especial, dedicado \u00e0 Preven\u00e7\u00e3o ao Suic\u00eddio. Lembrando que o cuidado n\u00e3o para por aqui!&hellip; <br \/> <a class=\"read-more\" href=\"http:\/\/viacaofortaleza.com.br\/index.php\/2021\/09\/13\/setembro-amarelo-blitz-da-saude-mental\/\">Leia mais<\/a><\/p>\n","protected":false},"author":1,"featured_media":8318,"comment_status":"open","ping_status":"open","sticky":false,"template":"","format":"standard","meta":{"_mi_skip_tracking":false,"_monsterinsights_sitenote_active":false,"_monsterinsights_sitenote_note":"","_monsterinsights_sitenote_category":0,"ngg_post_thumbnail":0},"categories":[12],"tags":[905],"_links":{"self":[{"href":"http:\/\/viacaofortaleza.com.br\/index.php\/wp-json\/wp\/v2\/posts\/8316"}],"collection":[{"href":"http:\/\/viacaofortaleza.com.br\/index.php\/wp-json\/wp\/v2\/posts"}],"about":[{"href":"http:\/\/viacaofortaleza.com.br\/index.php\/wp-json\/wp\/v2\/types\/post"}],"author":[{"embeddable":true,"href":"http:\/\/viacaofortaleza.com.br\/index.php\/wp-json\/wp\/v2\/users\/1"}],"replies":[{"embeddable":true,"href":"http:\/\/viacaofortaleza.com.br\/index.php\/wp-json\/wp\/v2\/comments?post=8316"}],"version-history":[{"count":1,"href":"http:\/\/viacaofortaleza.com.br\/index.php\/wp-json\/wp\/v2\/posts\/8316\/revisions"}],"predecessor-version":[{"id":8319,"href":"http:\/\/viacaofortaleza.com.br\/index.php\/wp-json\/wp\/v2\/posts\/8316\/revisions\/8319"}],"wp:featuredmedia":[{"embeddable":true,"href":"http:\/\/viacaofortaleza.com.br\/index.php\/wp-json\/wp\/v2\/media\/8318"}],"wp:attachment":[{"href":"http:\/\/viacaofortaleza.com.br\/index.php\/wp-json\/wp\/v2\/media?parent=8316"}],"wp:term":[{"taxonomy":"category","embeddable":true,"href":"http:\/\/viacaofortaleza.com.br\/index.php\/wp-json\/wp\/v2\/categories?post=8316"},{"taxonomy":"post_tag","embeddable":true,"href":"http:\/\/viacaofortaleza.com.br\/index.php\/wp-json\/wp\/v2\/tags?post=8316"}],"curies":[{"name":"wp","href":"https:\/\/api.w.org\/{rel}","templated":true}]}}