{"id":8337,"date":"2021-09-14T11:53:34","date_gmt":"2021-09-14T14:53:34","guid":{"rendered":"http:\/\/viacaofortaleza.com.br\/?p=8337"},"modified":"2021-09-14T11:53:34","modified_gmt":"2021-09-14T14:53:34","slug":"sest-senat-semana-nacional-do-transito-2021","status":"publish","type":"post","link":"http:\/\/viacaofortaleza.com.br\/index.php\/2021\/09\/14\/sest-senat-semana-nacional-do-transito-2021\/","title":{"rendered":"Sest Senat &#8211; Semana Nacional do Tr\u00e2nsito 2021"},"content":{"rendered":"<p><img loading=\"lazy\" class=\"emojioneemoji\" src=\"https:\/\/cdn.jsdelivr.net\/emojione\/assets\/4.0\/png\/32\/26a0.png\" alt=\"\u26a0\" width=\"19\" height=\"19\">Aten\u00e7\u00e3o colaboradores da Via\u00e7\u00e3o Fortaleza!<\/p>\n<div>No dia 23.09, teremos uma a\u00e7\u00e3o especial do Sest Senat, em prol da Semana Nacional do Tr\u00e2nsito 2021, aqui na Garagem da Via\u00e7\u00e3o Fortaleza!<\/div>\n<div>Um dia totalmente dedicado \u00e0 voc\u00ea!&nbsp;<\/div>\n<div>&nbsp;<\/div>\n<div>Confira as a\u00e7\u00f5es e participe!<\/div>\n<div>AFERI\u00c7\u00c3O DE PRESS\u00c3O.<br \/>\nASSIST\u00caNCIA ODONTOL\u00d3GICA: Orienta\u00e7\u00e3o de higiene bucal.<\/div>\n<div>DICAS DE TR\u00c2NSITO: Esclarecimentos das novas leis de tr\u00e2nsito.<br \/>\nMINI PALESTRA: Empatia e comportamento no tr\u00e2nsito. (Somente pela manh\u00e3)<br \/>\nFISIOTERAPEUTA: Orienta\u00e7\u00e3o sobre postura e sa\u00fade da coluna. (Somente pela tarde)<\/div>\n<div>Teremos v\u00e1rios brindes!&nbsp;<img class=\"emojioneemoji\" src=\"https:\/\/cdn.jsdelivr.net\/emojione\/assets\/4.0\/png\/32\/1f381.png\" alt=\"?\"><\/div>\n<div>&nbsp;<\/div>\n<div>@sestsenatfortaleza<\/div>\n<div>&nbsp;<\/div>\n","protected":false},"excerpt":{"rendered":"<p>Aten\u00e7\u00e3o colaboradores da Via\u00e7\u00e3o Fortaleza! No dia 23.09, teremos uma a\u00e7\u00e3o especial do Sest Senat, em prol da Semana Nacional do Tr\u00e2nsito 2021, aqui na Garagem da Via\u00e7\u00e3o Fortaleza! Um dia totalmente dedicado \u00e0 voc\u00ea!&nbsp; &nbsp; Confira as a\u00e7\u00f5es e participe! AFERI\u00c7\u00c3O DE PRESS\u00c3O. ASSIST\u00caNCIA ODONTOL\u00d3GICA: Orienta\u00e7\u00e3o de higiene bucal. DICAS DE TR\u00c2NSITO: Esclarecimentos das&hellip; <br \/> <a class=\"read-more\" href=\"http:\/\/viacaofortaleza.com.br\/index.php\/2021\/09\/14\/sest-senat-semana-nacional-do-transito-2021\/\">Leia mais<\/a><\/p>\n","protected":false},"author":1,"featured_media":8339,"comment_status":"open","ping_status":"open","sticky":false,"template":"","format":"standard","meta":{"_mi_skip_tracking":false,"_monsterinsights_sitenote_active":false,"_monsterinsights_sitenote_note":"","_monsterinsights_sitenote_category":0,"ngg_post_thumbnail":0},"categories":[12],"tags":[910],"_links":{"self":[{"href":"http:\/\/viacaofortaleza.com.br\/index.php\/wp-json\/wp\/v2\/posts\/8337"}],"collection":[{"href":"http:\/\/viacaofortaleza.com.br\/index.php\/wp-json\/wp\/v2\/posts"}],"about":[{"href":"http:\/\/viacaofortaleza.com.br\/index.php\/wp-json\/wp\/v2\/types\/post"}],"author":[{"embeddable":true,"href":"http:\/\/viacaofortaleza.com.br\/index.php\/wp-json\/wp\/v2\/users\/1"}],"replies":[{"embeddable":true,"href":"http:\/\/viacaofortaleza.com.br\/index.php\/wp-json\/wp\/v2\/comments?post=8337"}],"version-history":[{"count":1,"href":"http:\/\/viacaofortaleza.com.br\/index.php\/wp-json\/wp\/v2\/posts\/8337\/revisions"}],"predecessor-version":[{"id":8340,"href":"http:\/\/viacaofortaleza.com.br\/index.php\/wp-json\/wp\/v2\/posts\/8337\/revisions\/8340"}],"wp:featuredmedia":[{"embeddable":true,"href":"http:\/\/viacaofortaleza.com.br\/index.php\/wp-json\/wp\/v2\/media\/8339"}],"wp:attachment":[{"href":"http:\/\/viacaofortaleza.com.br\/index.php\/wp-json\/wp\/v2\/media?parent=8337"}],"wp:term":[{"taxonomy":"category","embeddable":true,"href":"http:\/\/viacaofortaleza.com.br\/index.php\/wp-json\/wp\/v2\/categories?post=8337"},{"taxonomy":"post_tag","embeddable":true,"href":"http:\/\/viacaofortaleza.com.br\/index.php\/wp-json\/wp\/v2\/tags?post=8337"}],"curies":[{"name":"wp","href":"https:\/\/api.w.org\/{rel}","templated":true}]}}