{"id":8346,"date":"2021-09-15T11:25:07","date_gmt":"2021-09-15T14:25:07","guid":{"rendered":"http:\/\/viacaofortaleza.com.br\/?p=8346"},"modified":"2021-09-15T11:25:07","modified_gmt":"2021-09-15T14:25:07","slug":"semana-nacional-do-transito-2021","status":"publish","type":"post","link":"http:\/\/viacaofortaleza.com.br\/index.php\/2021\/09\/15\/semana-nacional-do-transito-2021\/","title":{"rendered":"Semana Nacional do Tr\u00e2nsito 2021"},"content":{"rendered":"<div class=\"\" data-block=\"true\" data-editor=\"b051g\" data-offset-key=\"7e8rc-0-0\">\n<div class=\"_1mf _1mj\" data-offset-key=\"7e8rc-0-0\"><span data-offset-key=\"7e8rc-0-0\">Nossa Semana Nacional do Tr\u00e2nsito 2021 est\u00e1 chegando! ????<\/span><\/div>\n<\/div>\n<div class=\"\" data-block=\"true\" data-editor=\"b051g\" data-offset-key=\"2r9d-0-0\">\n<div class=\"_1mf _1mj\" data-offset-key=\"2r9d-0-0\"><span data-offset-key=\"2r9d-0-0\">&nbsp;<\/span><\/div>\n<\/div>\n<div class=\"\" data-block=\"true\" data-editor=\"b051g\" data-offset-key=\"3i8do-0-0\">\n<div class=\"_1mf _1mj\" data-offset-key=\"3i8do-0-0\"><span data-offset-key=\"3i8do-0-0\">\u26a0\ufe0fFique ligado na programa\u00e7\u00e3o, fa\u00e7a sua inscri\u00e7\u00e3o para o Treinamento da AMC e concorra ao Sorteio de 1 Capacete!<\/span><\/div>\n<div data-offset-key=\"3i8do-0-0\">&nbsp;<\/div>\n<div data-offset-key=\"3i8do-0-0\">\n<p>21.09 &#8211; TER\u00c7A<br \/>\nBlitz da Seguran\u00e7a &#8211; Estacionamentos. Orienta\u00e7\u00e3o e Entrega de Adesivos de Identifica\u00e7\u00e3o.<br \/>\nLocal: Estacionamento de Motos.<\/p>\n<p>22.09 &#8211; QUARTA &#8211; 09h e 15h<br \/>\nTreinamento AMC &#8211; Dire\u00e7\u00e3o Defensiva &#8211; Uso de \u00c1lcool e Drogas no Tr\u00e2nsito &#8211; \u00d3culos de Realidade Virtual.<br \/>\nLocal: Audit\u00f3rio.<\/p>\n<p>23.09 &#8211; QUINTA &#8211; 08:30 \u00e0s 11:30h e 13 \u00e0s 16h<br \/>\nBlitz da Sa\u00fade &#8211; Sest Senat pela Vida. Aferi\u00e7\u00e3o de Press\u00e3o, Assist\u00eancia Odontol\u00f3gica e Fisioterap\u00eautica, Dicas de Tr\u00e2nsito, Mini Palestra: Empatia e Comportamento no Tr\u00e2nsito.<br \/>\nLocal: Garagem.<\/p>\n<p>24.09 &#8211; SEXTA &#8211; 9h e 15h<br \/>\nCircuito: Celular e Dire\u00e7\u00e3o N\u00e3o Combinam. Atividade pr\u00e1tica com obst\u00e1culos.<br \/>\nLocal: Espa\u00e7o de Conviv\u00eancia.<\/p>\n<\/div>\n<\/div>\n<div class=\"\" data-block=\"true\" data-editor=\"b051g\" data-offset-key=\"5hvjv-0-0\">\n<div class=\"_1mf _1mj\" data-offset-key=\"5hvjv-0-0\"><span data-offset-key=\"5hvjv-0-0\">&nbsp;<\/span><\/div>\n<\/div>\n<div class=\"\" data-block=\"true\" data-editor=\"b051g\" data-offset-key=\"7ri2l-0-0\">\n<div class=\"_1mf _1mj\" data-offset-key=\"7ri2l-0-0\"><span data-offset-key=\"7ri2l-0-0\">Durante toda a semana teremos v\u00e1rios brindes! Participe!<\/span><\/div>\n<\/div>\n<div class=\"\" data-block=\"true\" data-editor=\"b051g\" data-offset-key=\"7t9up-0-0\">\n<div class=\"_1mf _1mj\" data-offset-key=\"7t9up-0-0\"><span data-offset-key=\"7t9up-0-0\">&nbsp;<\/span><\/div>\n<\/div>\n<div class=\"\" data-block=\"true\" data-editor=\"b051g\" data-offset-key=\"3dk81-0-0\">\n<div class=\"_1mf _1mj\" data-offset-key=\"3dk81-0-0\"><span class=\"_5zk7\" spellcheck=\"false\" data-offset-key=\"3dk81-0-0\"><span data-offset-key=\"3dk81-0-0\">#snt<\/span><\/span> <span class=\"_5zk7\" spellcheck=\"false\" data-offset-key=\"3dk81-2-0\"><span data-offset-key=\"3dk81-2-0\">#transito<\/span><\/span> <span class=\"_5zk7\" spellcheck=\"false\" data-offset-key=\"3dk81-4-0\"><span data-offset-key=\"3dk81-4-0\">#cuidado<\/span><\/span> <span class=\"_5zk7\" spellcheck=\"false\" data-offset-key=\"3dk81-6-0\"><span data-offset-key=\"3dk81-6-0\">#prevencao<\/span><\/span><\/div>\n<\/div>\n","protected":false},"excerpt":{"rendered":"<p>Nossa Semana Nacional do Tr\u00e2nsito 2021 est\u00e1 chegando! ???? &nbsp; \u26a0\ufe0fFique ligado na programa\u00e7\u00e3o, fa\u00e7a sua inscri\u00e7\u00e3o para o Treinamento da AMC e concorra ao Sorteio de 1 Capacete! &nbsp; 21.09 &#8211; TER\u00c7A Blitz da Seguran\u00e7a &#8211; Estacionamentos. Orienta\u00e7\u00e3o e Entrega de Adesivos de Identifica\u00e7\u00e3o. Local: Estacionamento de Motos. 22.09 &#8211; QUARTA &#8211; 09h e&hellip; <br \/> <a class=\"read-more\" href=\"http:\/\/viacaofortaleza.com.br\/index.php\/2021\/09\/15\/semana-nacional-do-transito-2021\/\">Leia mais<\/a><\/p>\n","protected":false},"author":1,"featured_media":8347,"comment_status":"open","ping_status":"open","sticky":false,"template":"","format":"standard","meta":{"_mi_skip_tracking":false,"_monsterinsights_sitenote_active":false,"_monsterinsights_sitenote_note":"","_monsterinsights_sitenote_category":0,"ngg_post_thumbnail":0},"categories":[12],"tags":[911],"_links":{"self":[{"href":"http:\/\/viacaofortaleza.com.br\/index.php\/wp-json\/wp\/v2\/posts\/8346"}],"collection":[{"href":"http:\/\/viacaofortaleza.com.br\/index.php\/wp-json\/wp\/v2\/posts"}],"about":[{"href":"http:\/\/viacaofortaleza.com.br\/index.php\/wp-json\/wp\/v2\/types\/post"}],"author":[{"embeddable":true,"href":"http:\/\/viacaofortaleza.com.br\/index.php\/wp-json\/wp\/v2\/users\/1"}],"replies":[{"embeddable":true,"href":"http:\/\/viacaofortaleza.com.br\/index.php\/wp-json\/wp\/v2\/comments?post=8346"}],"version-history":[{"count":1,"href":"http:\/\/viacaofortaleza.com.br\/index.php\/wp-json\/wp\/v2\/posts\/8346\/revisions"}],"predecessor-version":[{"id":8348,"href":"http:\/\/viacaofortaleza.com.br\/index.php\/wp-json\/wp\/v2\/posts\/8346\/revisions\/8348"}],"wp:featuredmedia":[{"embeddable":true,"href":"http:\/\/viacaofortaleza.com.br\/index.php\/wp-json\/wp\/v2\/media\/8347"}],"wp:attachment":[{"href":"http:\/\/viacaofortaleza.com.br\/index.php\/wp-json\/wp\/v2\/media?parent=8346"}],"wp:term":[{"taxonomy":"category","embeddable":true,"href":"http:\/\/viacaofortaleza.com.br\/index.php\/wp-json\/wp\/v2\/categories?post=8346"},{"taxonomy":"post_tag","embeddable":true,"href":"http:\/\/viacaofortaleza.com.br\/index.php\/wp-json\/wp\/v2\/tags?post=8346"}],"curies":[{"name":"wp","href":"https:\/\/api.w.org\/{rel}","templated":true}]}}