{"id":8357,"date":"2021-09-15T15:58:56","date_gmt":"2021-09-15T18:58:56","guid":{"rendered":"http:\/\/viacaofortaleza.com.br\/?p=8357"},"modified":"2021-09-15T15:58:56","modified_gmt":"2021-09-15T18:58:56","slug":"semana-nacional-do-transito-uso-do-cinto-de-seguranca","status":"publish","type":"post","link":"http:\/\/viacaofortaleza.com.br\/index.php\/2021\/09\/15\/semana-nacional-do-transito-uso-do-cinto-de-seguranca\/","title":{"rendered":"Semana Nacional do Tr\u00e2nsito &#8211; USO DO CINTO DE SEGURAN\u00c7A"},"content":{"rendered":"<p>Semana Nacional do Tr\u00e2nsito<\/p>\n<div><img loading=\"lazy\" class=\"emojioneemoji\" src=\"https:\/\/cdn.jsdelivr.net\/emojione\/assets\/4.0\/png\/32\/1f4cc.png\" alt=\"?\" width=\"17\" height=\"17\">USO DO CINTO DE SEGURAN\u00c7A<\/div>\n<div>&nbsp;<\/div>\n<div>O uso do cinto de seguran\u00e7a \u00e9 essencial e reduz significativamente o n\u00famero de v\u00edtimas fatais em acidentes. Pois, em caso de colis\u00e3o, ele impede que o corpo do motorista, e dos passageiros, seja arremessado contra o volante, painel, para-brisa, e at\u00e9 para fora do carro.&nbsp;<\/div>\n<div>&nbsp;<\/div>\n<div><img loading=\"lazy\" class=\"emojioneemoji\" src=\"https:\/\/cdn.jsdelivr.net\/emojione\/assets\/4.0\/png\/32\/1f4cc.png\" alt=\"?\" width=\"18\" height=\"18\">\u00c9 importante lembrar que todos os ocupantes do ve\u00edculo devem obrigatoriamente usar o cinto, incluindo os que estiverem viajando no banco traseiro.<\/div>\n<div>&nbsp;<\/div>\n<div>Ent\u00e3o, ao entrar no ve\u00edculo, use o cinto de seguran\u00e7a e exija que todos no seu carro usem tamb\u00e9m.&nbsp;Al\u00e9m de salvar vidas, o uso do cinto evita multas.&nbsp;<\/div>\n<div>&nbsp;<\/div>\n<div>#snt #transito #cinto #seguran\u00e7a<\/div>\n","protected":false},"excerpt":{"rendered":"<p>Semana Nacional do Tr\u00e2nsito USO DO CINTO DE SEGURAN\u00c7A &nbsp; O uso do cinto de seguran\u00e7a \u00e9 essencial e reduz significativamente o n\u00famero de v\u00edtimas fatais em acidentes. Pois, em caso de colis\u00e3o, ele impede que o corpo do motorista, e dos passageiros, seja arremessado contra o volante, painel, para-brisa, e at\u00e9 para fora do&hellip; <br \/> <a class=\"read-more\" href=\"http:\/\/viacaofortaleza.com.br\/index.php\/2021\/09\/15\/semana-nacional-do-transito-uso-do-cinto-de-seguranca\/\">Leia mais<\/a><\/p>\n","protected":false},"author":1,"featured_media":8358,"comment_status":"open","ping_status":"open","sticky":false,"template":"","format":"standard","meta":{"_mi_skip_tracking":false,"_monsterinsights_sitenote_active":false,"_monsterinsights_sitenote_note":"","_monsterinsights_sitenote_category":0,"ngg_post_thumbnail":0},"categories":[12],"tags":[912],"_links":{"self":[{"href":"http:\/\/viacaofortaleza.com.br\/index.php\/wp-json\/wp\/v2\/posts\/8357"}],"collection":[{"href":"http:\/\/viacaofortaleza.com.br\/index.php\/wp-json\/wp\/v2\/posts"}],"about":[{"href":"http:\/\/viacaofortaleza.com.br\/index.php\/wp-json\/wp\/v2\/types\/post"}],"author":[{"embeddable":true,"href":"http:\/\/viacaofortaleza.com.br\/index.php\/wp-json\/wp\/v2\/users\/1"}],"replies":[{"embeddable":true,"href":"http:\/\/viacaofortaleza.com.br\/index.php\/wp-json\/wp\/v2\/comments?post=8357"}],"version-history":[{"count":1,"href":"http:\/\/viacaofortaleza.com.br\/index.php\/wp-json\/wp\/v2\/posts\/8357\/revisions"}],"predecessor-version":[{"id":8365,"href":"http:\/\/viacaofortaleza.com.br\/index.php\/wp-json\/wp\/v2\/posts\/8357\/revisions\/8365"}],"wp:featuredmedia":[{"embeddable":true,"href":"http:\/\/viacaofortaleza.com.br\/index.php\/wp-json\/wp\/v2\/media\/8358"}],"wp:attachment":[{"href":"http:\/\/viacaofortaleza.com.br\/index.php\/wp-json\/wp\/v2\/media?parent=8357"}],"wp:term":[{"taxonomy":"category","embeddable":true,"href":"http:\/\/viacaofortaleza.com.br\/index.php\/wp-json\/wp\/v2\/categories?post=8357"},{"taxonomy":"post_tag","embeddable":true,"href":"http:\/\/viacaofortaleza.com.br\/index.php\/wp-json\/wp\/v2\/tags?post=8357"}],"curies":[{"name":"wp","href":"https:\/\/api.w.org\/{rel}","templated":true}]}}