{"id":8368,"date":"2021-09-20T15:00:16","date_gmt":"2021-09-20T18:00:16","guid":{"rendered":"http:\/\/viacaofortaleza.com.br\/?p=8368"},"modified":"2021-09-15T16:31:45","modified_gmt":"2021-09-15T19:31:45","slug":"semana-nacional-do-transito-travessia-na-faixa-de-pedestres","status":"publish","type":"post","link":"http:\/\/viacaofortaleza.com.br\/index.php\/2021\/09\/20\/semana-nacional-do-transito-travessia-na-faixa-de-pedestres\/","title":{"rendered":"Semana Nacional do Tr\u00e2nsito &#8211; TRAVESSIA NA FAIXA DE PEDESTRES"},"content":{"rendered":"<p><span style=\"color: #555555; font-family: Arial, 'Helvetica Neue', Helvetica, sans-serif; font-size: 14px; background-color: #ffffff;\">Semana Nacional do Tr\u00e2nsito<\/span><\/p>\n<div style=\"color: #555555; font-family: Arial, 'Helvetica Neue', Helvetica, sans-serif; font-size: 14px; background-color: #ffffff;\"><span style=\"background-color: transparent; font-size: inherit;\">TRAVESSIA NA FAIXA DE PEDESTRES<\/span><\/div>\n<div style=\"color: #555555; font-family: Arial, 'Helvetica Neue', Helvetica, sans-serif; font-size: 14px; background-color: #ffffff;\"><span style=\"background-color: transparent; font-size: inherit;\">&nbsp;<\/span><\/div>\n<div style=\"color: #555555; font-family: Arial, 'Helvetica Neue', Helvetica, sans-serif; font-size: 14px; background-color: #ffffff;\"><span style=\"background-color: transparent; font-size: inherit;\"><img class=\"emojioneemoji\" style=\"border: 0px; font-size: inherit; height: 3ex; width: auto; min-height: 20px; min-width: 20px; display: inline-block; margin: -0.2ex 0.15em 0.2ex; line-height: normal; vertical-align: middle; top: 0px;\" src=\"https:\/\/cdn.jsdelivr.net\/emojione\/assets\/4.0\/png\/32\/26a0.png\" alt=\"\u26a0\">A faixa de seguran\u00e7a, ou simplesmente faixa de pedestres, \u00e9 um dos elementos comuns nas ruas das cidades. Ela garante a prote\u00e7\u00e3o de quem atravessa, evita acidentes e mant\u00e9m o tr\u00e2nsito organizado.<\/span><\/div>\n<div style=\"color: #555555; font-family: Arial, 'Helvetica Neue', Helvetica, sans-serif; font-size: 14px; background-color: #ffffff;\"><span style=\"background-color: transparent; font-size: inherit;\">&nbsp;<\/span><\/div>\n<div style=\"color: #555555; font-family: Arial, 'Helvetica Neue', Helvetica, sans-serif; font-size: 14px; background-color: #ffffff;\"><span style=\"background-color: transparent; font-size: inherit;\"><img class=\"emojioneemoji\" style=\"border: 0px; font-size: inherit; height: 3ex; width: auto; min-height: 20px; min-width: 20px; display: inline-block; margin: -0.2ex 0.15em 0.2ex; line-height: normal; vertical-align: middle; top: 0px;\" src=\"https:\/\/cdn.jsdelivr.net\/emojione\/assets\/4.0\/png\/32\/26a0.png\" alt=\"\u26a0\">A regra vale para qualquer pessoa nas ruas: obedecer as normas de tr\u00e2nsito, sempre respeitando a sinaliza\u00e7\u00e3o. Com os pedestres, portanto, n\u00e3o \u00e9 diferente:&nbsp;Ele deve atravessar na faixa de seguran\u00e7a quando houver uma, estar atento aos sem\u00e1foros e focos de pedestres, al\u00e9m de evitar distra\u00e7\u00f5es ao andar.<br \/>\n<\/span><\/div>\n<div style=\"color: #555555; font-family: Arial, 'Helvetica Neue', Helvetica, sans-serif; font-size: 14px; background-color: #ffffff;\"><span style=\"background-color: transparent; font-size: inherit;\">&nbsp;<\/span><\/div>\n<div style=\"color: #555555; font-family: Arial, 'Helvetica Neue', Helvetica, sans-serif; font-size: 14px; background-color: #ffffff;\"><span style=\"background-color: transparent; font-size: inherit;\">#snt #transito #cinto #seguran\u00e7a<\/span><\/div>\n","protected":false},"excerpt":{"rendered":"<p>Semana Nacional do Tr\u00e2nsito TRAVESSIA NA FAIXA DE PEDESTRES &nbsp; A faixa de seguran\u00e7a, ou simplesmente faixa de pedestres, \u00e9 um dos elementos comuns nas ruas das cidades. Ela garante a prote\u00e7\u00e3o de quem atravessa, evita acidentes e mant\u00e9m o tr\u00e2nsito organizado. &nbsp; A regra vale para qualquer pessoa nas ruas: obedecer as normas de&hellip; <br \/> <a class=\"read-more\" href=\"http:\/\/viacaofortaleza.com.br\/index.php\/2021\/09\/20\/semana-nacional-do-transito-travessia-na-faixa-de-pedestres\/\">Leia mais<\/a><\/p>\n","protected":false},"author":1,"featured_media":8360,"comment_status":"open","ping_status":"open","sticky":false,"template":"","format":"standard","meta":{"_mi_skip_tracking":false,"_monsterinsights_sitenote_active":false,"_monsterinsights_sitenote_note":"","_monsterinsights_sitenote_category":0,"ngg_post_thumbnail":0},"categories":[12],"tags":[914],"_links":{"self":[{"href":"http:\/\/viacaofortaleza.com.br\/index.php\/wp-json\/wp\/v2\/posts\/8368"}],"collection":[{"href":"http:\/\/viacaofortaleza.com.br\/index.php\/wp-json\/wp\/v2\/posts"}],"about":[{"href":"http:\/\/viacaofortaleza.com.br\/index.php\/wp-json\/wp\/v2\/types\/post"}],"author":[{"embeddable":true,"href":"http:\/\/viacaofortaleza.com.br\/index.php\/wp-json\/wp\/v2\/users\/1"}],"replies":[{"embeddable":true,"href":"http:\/\/viacaofortaleza.com.br\/index.php\/wp-json\/wp\/v2\/comments?post=8368"}],"version-history":[{"count":2,"href":"http:\/\/viacaofortaleza.com.br\/index.php\/wp-json\/wp\/v2\/posts\/8368\/revisions"}],"predecessor-version":[{"id":8370,"href":"http:\/\/viacaofortaleza.com.br\/index.php\/wp-json\/wp\/v2\/posts\/8368\/revisions\/8370"}],"wp:featuredmedia":[{"embeddable":true,"href":"http:\/\/viacaofortaleza.com.br\/index.php\/wp-json\/wp\/v2\/media\/8360"}],"wp:attachment":[{"href":"http:\/\/viacaofortaleza.com.br\/index.php\/wp-json\/wp\/v2\/media?parent=8368"}],"wp:term":[{"taxonomy":"category","embeddable":true,"href":"http:\/\/viacaofortaleza.com.br\/index.php\/wp-json\/wp\/v2\/categories?post=8368"},{"taxonomy":"post_tag","embeddable":true,"href":"http:\/\/viacaofortaleza.com.br\/index.php\/wp-json\/wp\/v2\/tags?post=8368"}],"curies":[{"name":"wp","href":"https:\/\/api.w.org\/{rel}","templated":true}]}}