{"id":8373,"date":"2021-09-22T15:00:20","date_gmt":"2021-09-22T18:00:20","guid":{"rendered":"http:\/\/viacaofortaleza.com.br\/?p=8373"},"modified":"2021-09-15T16:41:40","modified_gmt":"2021-09-15T19:41:40","slug":"semana-nacional-do-transito-uso-da-ciclofaixa-ciclovia","status":"publish","type":"post","link":"http:\/\/viacaofortaleza.com.br\/index.php\/2021\/09\/22\/semana-nacional-do-transito-uso-da-ciclofaixa-ciclovia\/","title":{"rendered":"Semana Nacional do Tr\u00e2nsito &#8211; USO DA CICLOFAIXA \/ CICLOVIA"},"content":{"rendered":"<p>Semana Nacional do Tr\u00e2nsito<\/p>\n<div>\n<div>USO DA CICLOFAIXA\/CICLOVIA<\/div>\n<div>&nbsp;<\/div>\n<div>\n<div>\n<div><img class=\"emojioneemoji\" src=\"https:\/\/cdn.jsdelivr.net\/emojione\/assets\/4.0\/png\/32\/1f6b2.png\" alt=\"?\">Os ciclistas possuem diversos direitos que precisam ser conhecidos e respeitados.&nbsp;O item mais b\u00e1sico \u00e9 saber que as bicicletas t\u00eam prioridade sobre ve\u00edculos maiores e que possuem motor, ou seja, o motorista deve, sempre que poss\u00edvel, conceder a passagem. Os carros tamb\u00e9m devem reduzir a velocidade quando ultrapassam os ciclistas e manter uma dist\u00e2ncia m\u00ednima de 1,5 metro.<\/div>\n<\/div>\n<div>&nbsp;<\/div>\n<div><img class=\"emojioneemoji\" src=\"https:\/\/cdn.jsdelivr.net\/emojione\/assets\/4.0\/png\/32\/1f6b2.png\" alt=\"?\">A legisla\u00e7\u00e3o prev\u00ea alguns deveres essenciais para uma boa conviv\u00eancia. Os equipamentos de seguran\u00e7a s\u00e3o obrigat\u00f3rios: campainha, sinaliza\u00e7\u00e3o noturna e espelho retrovisor do lado esquerdo.&nbsp;<\/div>\n<div>&nbsp;<\/div>\n<div><img class=\"emojioneemoji\" src=\"https:\/\/cdn.jsdelivr.net\/emojione\/assets\/4.0\/png\/32\/1f6b2.png\" alt=\"?\">Quando n\u00e3o existir faixa exclusiva ou ciclovia, a circula\u00e7\u00e3o precisa ser feita no sentido dos carros, pelas laterais das ruas. A circula\u00e7\u00e3o em cal\u00e7adas s\u00f3 pode ser feita com autoriza\u00e7\u00e3o e sinaliza\u00e7\u00e3o do poder p\u00fablico, bem como \u00e9 proibido conduzir passageiros fora do assento especial destinado a esse fim.<\/div>\n<\/div>\n<\/div>\n<div>&nbsp;<\/div>\n<div>#snt #transito #seguran\u00e7a #ciclistas<\/div>\n","protected":false},"excerpt":{"rendered":"<p>Semana Nacional do Tr\u00e2nsito USO DA CICLOFAIXA\/CICLOVIA &nbsp; Os ciclistas possuem diversos direitos que precisam ser conhecidos e respeitados.&nbsp;O item mais b\u00e1sico \u00e9 saber que as bicicletas t\u00eam prioridade sobre ve\u00edculos maiores e que possuem motor, ou seja, o motorista deve, sempre que poss\u00edvel, conceder a passagem. Os carros tamb\u00e9m devem reduzir a velocidade quando&hellip; <br \/> <a class=\"read-more\" href=\"http:\/\/viacaofortaleza.com.br\/index.php\/2021\/09\/22\/semana-nacional-do-transito-uso-da-ciclofaixa-ciclovia\/\">Leia mais<\/a><\/p>\n","protected":false},"author":1,"featured_media":8362,"comment_status":"open","ping_status":"open","sticky":false,"template":"","format":"standard","meta":{"_mi_skip_tracking":false,"_monsterinsights_sitenote_active":false,"_monsterinsights_sitenote_note":"","_monsterinsights_sitenote_category":0,"ngg_post_thumbnail":0},"categories":[12],"tags":[916],"_links":{"self":[{"href":"http:\/\/viacaofortaleza.com.br\/index.php\/wp-json\/wp\/v2\/posts\/8373"}],"collection":[{"href":"http:\/\/viacaofortaleza.com.br\/index.php\/wp-json\/wp\/v2\/posts"}],"about":[{"href":"http:\/\/viacaofortaleza.com.br\/index.php\/wp-json\/wp\/v2\/types\/post"}],"author":[{"embeddable":true,"href":"http:\/\/viacaofortaleza.com.br\/index.php\/wp-json\/wp\/v2\/users\/1"}],"replies":[{"embeddable":true,"href":"http:\/\/viacaofortaleza.com.br\/index.php\/wp-json\/wp\/v2\/comments?post=8373"}],"version-history":[{"count":2,"href":"http:\/\/viacaofortaleza.com.br\/index.php\/wp-json\/wp\/v2\/posts\/8373\/revisions"}],"predecessor-version":[{"id":8375,"href":"http:\/\/viacaofortaleza.com.br\/index.php\/wp-json\/wp\/v2\/posts\/8373\/revisions\/8375"}],"wp:featuredmedia":[{"embeddable":true,"href":"http:\/\/viacaofortaleza.com.br\/index.php\/wp-json\/wp\/v2\/media\/8362"}],"wp:attachment":[{"href":"http:\/\/viacaofortaleza.com.br\/index.php\/wp-json\/wp\/v2\/media?parent=8373"}],"wp:term":[{"taxonomy":"category","embeddable":true,"href":"http:\/\/viacaofortaleza.com.br\/index.php\/wp-json\/wp\/v2\/categories?post=8373"},{"taxonomy":"post_tag","embeddable":true,"href":"http:\/\/viacaofortaleza.com.br\/index.php\/wp-json\/wp\/v2\/tags?post=8373"}],"curies":[{"name":"wp","href":"https:\/\/api.w.org\/{rel}","templated":true}]}}