{"id":8376,"date":"2021-09-23T15:00:09","date_gmt":"2021-09-23T18:00:09","guid":{"rendered":"http:\/\/viacaofortaleza.com.br\/?p=8376"},"modified":"2021-09-15T16:47:33","modified_gmt":"2021-09-15T19:47:33","slug":"semana-nacional-do-transito-uso-do-celular","status":"publish","type":"post","link":"http:\/\/viacaofortaleza.com.br\/index.php\/2021\/09\/23\/semana-nacional-do-transito-uso-do-celular\/","title":{"rendered":"Semana Nacional do Tr\u00e2nsito &#8211; USO DO CELULAR"},"content":{"rendered":"<p>Semana Nacional do Tr\u00e2nsito<\/p>\n<div>USO DO CELULAR<\/div>\n<div>&nbsp;<\/div>\n<div><img class=\"emojioneemoji\" src=\"https:\/\/cdn.jsdelivr.net\/emojione\/assets\/4.0\/png\/32\/1f4f1.png\" alt=\"?\">De acordo com o Detran, o uso de celulares no tr\u00e2nsito aumenta em 400% o risco de acidentes.&nbsp;<\/div>\n<div>&nbsp;<\/div>\n<div>Dirigir com seguran\u00e7a exige total aten\u00e7\u00e3o do condutor. Ao utilizar o celular no volante, voc\u00ea n\u00e3o s\u00f3 desvia o foco da vis\u00e3o e da audi\u00e7\u00e3o como diminui a percep\u00e7\u00e3o de poss\u00edveis riscos do tr\u00e2nsito.<\/div>\n<div>&nbsp;<\/div>\n<div><img class=\"emojioneemoji\" src=\"https:\/\/cdn.jsdelivr.net\/emojione\/assets\/4.0\/png\/32\/1f4f1.png\" alt=\"?\">Mesmo com o carro parado no sem\u00e1foro, o motorista que utilizar o celular estar\u00e1 cometendo uma infra\u00e7\u00e3o. Portanto, crie h\u00e1bitos que garantam a seguran\u00e7a daqueles que est\u00e3o no seu carro e tamb\u00e9m ao seu redor. Lembre-se de que, ao usar o celular no tr\u00e2nsito, o motorista est\u00e1 colocando em risco a pr\u00f3pria vida e a dos outros!<\/div>\n<div>&nbsp;<\/div>\n<div>#snt #transito #seguran\u00e7a<\/div>\n<div>&nbsp;<\/div>\n<div>&nbsp;<\/div>\n","protected":false},"excerpt":{"rendered":"<p>Semana Nacional do Tr\u00e2nsito USO DO CELULAR &nbsp; De acordo com o Detran, o uso de celulares no tr\u00e2nsito aumenta em 400% o risco de acidentes.&nbsp; &nbsp; Dirigir com seguran\u00e7a exige total aten\u00e7\u00e3o do condutor. Ao utilizar o celular no volante, voc\u00ea n\u00e3o s\u00f3 desvia o foco da vis\u00e3o e da audi\u00e7\u00e3o como diminui a&hellip; <br \/> <a class=\"read-more\" href=\"http:\/\/viacaofortaleza.com.br\/index.php\/2021\/09\/23\/semana-nacional-do-transito-uso-do-celular\/\">Leia mais<\/a><\/p>\n","protected":false},"author":1,"featured_media":8363,"comment_status":"open","ping_status":"open","sticky":false,"template":"","format":"standard","meta":{"_mi_skip_tracking":false,"_monsterinsights_sitenote_active":false,"_monsterinsights_sitenote_note":"","_monsterinsights_sitenote_category":0,"ngg_post_thumbnail":0},"categories":[12],"tags":[917],"_links":{"self":[{"href":"http:\/\/viacaofortaleza.com.br\/index.php\/wp-json\/wp\/v2\/posts\/8376"}],"collection":[{"href":"http:\/\/viacaofortaleza.com.br\/index.php\/wp-json\/wp\/v2\/posts"}],"about":[{"href":"http:\/\/viacaofortaleza.com.br\/index.php\/wp-json\/wp\/v2\/types\/post"}],"author":[{"embeddable":true,"href":"http:\/\/viacaofortaleza.com.br\/index.php\/wp-json\/wp\/v2\/users\/1"}],"replies":[{"embeddable":true,"href":"http:\/\/viacaofortaleza.com.br\/index.php\/wp-json\/wp\/v2\/comments?post=8376"}],"version-history":[{"count":1,"href":"http:\/\/viacaofortaleza.com.br\/index.php\/wp-json\/wp\/v2\/posts\/8376\/revisions"}],"predecessor-version":[{"id":8378,"href":"http:\/\/viacaofortaleza.com.br\/index.php\/wp-json\/wp\/v2\/posts\/8376\/revisions\/8378"}],"wp:featuredmedia":[{"embeddable":true,"href":"http:\/\/viacaofortaleza.com.br\/index.php\/wp-json\/wp\/v2\/media\/8363"}],"wp:attachment":[{"href":"http:\/\/viacaofortaleza.com.br\/index.php\/wp-json\/wp\/v2\/media?parent=8376"}],"wp:term":[{"taxonomy":"category","embeddable":true,"href":"http:\/\/viacaofortaleza.com.br\/index.php\/wp-json\/wp\/v2\/categories?post=8376"},{"taxonomy":"post_tag","embeddable":true,"href":"http:\/\/viacaofortaleza.com.br\/index.php\/wp-json\/wp\/v2\/tags?post=8376"}],"curies":[{"name":"wp","href":"https:\/\/api.w.org\/{rel}","templated":true}]}}