{"id":8379,"date":"2021-09-24T15:00:58","date_gmt":"2021-09-24T18:00:58","guid":{"rendered":"http:\/\/viacaofortaleza.com.br\/?p=8379"},"modified":"2021-09-15T16:52:09","modified_gmt":"2021-09-15T19:52:09","slug":"semana-nacional-do-transito-uso-do-capacete","status":"publish","type":"post","link":"http:\/\/viacaofortaleza.com.br\/index.php\/2021\/09\/24\/semana-nacional-do-transito-uso-do-capacete\/","title":{"rendered":"Semana Nacional do Tr\u00e2nsito &#8211; USO DO CAPACETE"},"content":{"rendered":"<p>Semana Nacional do Tr\u00e2nsito<\/p>\n<div>USO DO CAPACETE<\/div>\n<div>&nbsp;<\/div>\n<div><img class=\"emojioneemoji\" src=\"https:\/\/cdn.jsdelivr.net\/emojione\/assets\/4.0\/png\/32\/26a0.png\" alt=\"\u26a0\">O capacete \u00e9 o equipamento para condutores e passageiros de motocicletas e similares que, quando utilizado corretamente, minimiza os efeitos causados por impacto contra a cabe\u00e7a do usu\u00e1rio em um eventual acidente.<\/div>\n<div>&nbsp;<\/div>\n<div><img class=\"emojioneemoji\" src=\"https:\/\/cdn.jsdelivr.net\/emojione\/assets\/4.0\/png\/32\/26a0.png\" alt=\"\u26a0\">O capacete protege o usu\u00e1rio desde que utilizado corretamente, ou seja, afivelado, com todos os seus acess\u00f3rios e complementos.&nbsp;\u00c9 importante verificar se o capacete apresenta o selo do Inmetro.<\/div>\n<div>&nbsp;<\/div>\n<div><img class=\"emojioneemoji\" src=\"https:\/\/cdn.jsdelivr.net\/emojione\/assets\/4.0\/png\/32\/26a0.png\" alt=\"\u26a0\">Quem n\u00e3o usa o capacete, al\u00e9m de estar colocando a pr\u00f3pria vida em risco, comete uma infra\u00e7\u00e3o grav\u00edssima, com multa e suspens\u00e3o direta do direito de dirigir.<\/div>\n<div>&nbsp;<\/div>\n<div>#snt #transito #capacete #seguran\u00e7a<\/div>\n<div>&nbsp;<\/div>\n","protected":false},"excerpt":{"rendered":"<p>Semana Nacional do Tr\u00e2nsito USO DO CAPACETE &nbsp; O capacete \u00e9 o equipamento para condutores e passageiros de motocicletas e similares que, quando utilizado corretamente, minimiza os efeitos causados por impacto contra a cabe\u00e7a do usu\u00e1rio em um eventual acidente. &nbsp; O capacete protege o usu\u00e1rio desde que utilizado corretamente, ou seja, afivelado, com todos&hellip; <br \/> <a class=\"read-more\" href=\"http:\/\/viacaofortaleza.com.br\/index.php\/2021\/09\/24\/semana-nacional-do-transito-uso-do-capacete\/\">Leia mais<\/a><\/p>\n","protected":false},"author":1,"featured_media":8364,"comment_status":"open","ping_status":"open","sticky":false,"template":"","format":"standard","meta":{"_mi_skip_tracking":false,"_monsterinsights_sitenote_active":false,"_monsterinsights_sitenote_note":"","_monsterinsights_sitenote_category":0,"ngg_post_thumbnail":0},"categories":[12],"tags":[918],"_links":{"self":[{"href":"http:\/\/viacaofortaleza.com.br\/index.php\/wp-json\/wp\/v2\/posts\/8379"}],"collection":[{"href":"http:\/\/viacaofortaleza.com.br\/index.php\/wp-json\/wp\/v2\/posts"}],"about":[{"href":"http:\/\/viacaofortaleza.com.br\/index.php\/wp-json\/wp\/v2\/types\/post"}],"author":[{"embeddable":true,"href":"http:\/\/viacaofortaleza.com.br\/index.php\/wp-json\/wp\/v2\/users\/1"}],"replies":[{"embeddable":true,"href":"http:\/\/viacaofortaleza.com.br\/index.php\/wp-json\/wp\/v2\/comments?post=8379"}],"version-history":[{"count":1,"href":"http:\/\/viacaofortaleza.com.br\/index.php\/wp-json\/wp\/v2\/posts\/8379\/revisions"}],"predecessor-version":[{"id":8380,"href":"http:\/\/viacaofortaleza.com.br\/index.php\/wp-json\/wp\/v2\/posts\/8379\/revisions\/8380"}],"wp:featuredmedia":[{"embeddable":true,"href":"http:\/\/viacaofortaleza.com.br\/index.php\/wp-json\/wp\/v2\/media\/8364"}],"wp:attachment":[{"href":"http:\/\/viacaofortaleza.com.br\/index.php\/wp-json\/wp\/v2\/media?parent=8379"}],"wp:term":[{"taxonomy":"category","embeddable":true,"href":"http:\/\/viacaofortaleza.com.br\/index.php\/wp-json\/wp\/v2\/categories?post=8379"},{"taxonomy":"post_tag","embeddable":true,"href":"http:\/\/viacaofortaleza.com.br\/index.php\/wp-json\/wp\/v2\/tags?post=8379"}],"curies":[{"name":"wp","href":"https:\/\/api.w.org\/{rel}","templated":true}]}}