{"id":8382,"date":"2021-09-20T13:48:42","date_gmt":"2021-09-20T16:48:42","guid":{"rendered":"http:\/\/viacaofortaleza.com.br\/?p=8382"},"modified":"2021-09-20T13:48:42","modified_gmt":"2021-09-20T16:48:42","slug":"live-impacto-das-acoes-educativas-no-transito","status":"publish","type":"post","link":"http:\/\/viacaofortaleza.com.br\/index.php\/2021\/09\/20\/live-impacto-das-acoes-educativas-no-transito\/","title":{"rendered":"LIVE &#8211; Impacto das a\u00e7\u00f5es educativas no tr\u00e2nsito"},"content":{"rendered":"<p>&gt;COMPARTILHANDO&lt;<\/p>\n<div>Amanh\u00e3 tem live para falar sobre o impacto das a\u00e7\u00f5es educativas no tr\u00e2nsito!&nbsp;<img class=\"emojioneemoji\" src=\"https:\/\/cdn.jsdelivr.net\/emojione\/assets\/4.0\/png\/32\/1f6a6.png\" alt=\"?\"><img class=\"emojioneemoji\" src=\"https:\/\/cdn.jsdelivr.net\/emojione\/assets\/4.0\/png\/32\/1f6a7.png\" alt=\"?\"><\/p>\n<div>\n<div>&nbsp;<\/div>\n<p>Quem conversa sobre o assunto \u00e9 o nosso Gerente de Opera\u00e7\u00f5es, Jo\u00e3o Lu\u00eds Maciel, e o&nbsp;&nbsp;Gerente de Educa\u00e7\u00e3o da AMC, Andr\u00e9 Lu\u00eds Barcelos.<\/p><\/div>\n<div>\n<div>&nbsp;<\/div>\n<p>A live ser\u00e1 transmitida aqui, no Instagram do Sindi\u00f4nibus, \u00e0s 15h! N\u00e3o perca!<\/p><\/div>\n<div>&nbsp;<\/div>\n<div>@sindionibus&nbsp;<\/div>\n<\/div>\n","protected":false},"excerpt":{"rendered":"<p>&gt;COMPARTILHANDO&lt; Amanh\u00e3 tem live para falar sobre o impacto das a\u00e7\u00f5es educativas no tr\u00e2nsito!&nbsp; &nbsp; Quem conversa sobre o assunto \u00e9 o nosso Gerente de Opera\u00e7\u00f5es, Jo\u00e3o Lu\u00eds Maciel, e o&nbsp;&nbsp;Gerente de Educa\u00e7\u00e3o da AMC, Andr\u00e9 Lu\u00eds Barcelos. &nbsp; A live ser\u00e1 transmitida aqui, no Instagram do Sindi\u00f4nibus, \u00e0s 15h! N\u00e3o perca! &nbsp; @sindionibus&nbsp;<\/p>\n","protected":false},"author":1,"featured_media":8383,"comment_status":"open","ping_status":"open","sticky":false,"template":"","format":"standard","meta":{"_mi_skip_tracking":false,"_monsterinsights_sitenote_active":false,"_monsterinsights_sitenote_note":"","_monsterinsights_sitenote_category":0,"ngg_post_thumbnail":0},"categories":[12],"tags":[919],"_links":{"self":[{"href":"http:\/\/viacaofortaleza.com.br\/index.php\/wp-json\/wp\/v2\/posts\/8382"}],"collection":[{"href":"http:\/\/viacaofortaleza.com.br\/index.php\/wp-json\/wp\/v2\/posts"}],"about":[{"href":"http:\/\/viacaofortaleza.com.br\/index.php\/wp-json\/wp\/v2\/types\/post"}],"author":[{"embeddable":true,"href":"http:\/\/viacaofortaleza.com.br\/index.php\/wp-json\/wp\/v2\/users\/1"}],"replies":[{"embeddable":true,"href":"http:\/\/viacaofortaleza.com.br\/index.php\/wp-json\/wp\/v2\/comments?post=8382"}],"version-history":[{"count":1,"href":"http:\/\/viacaofortaleza.com.br\/index.php\/wp-json\/wp\/v2\/posts\/8382\/revisions"}],"predecessor-version":[{"id":8384,"href":"http:\/\/viacaofortaleza.com.br\/index.php\/wp-json\/wp\/v2\/posts\/8382\/revisions\/8384"}],"wp:featuredmedia":[{"embeddable":true,"href":"http:\/\/viacaofortaleza.com.br\/index.php\/wp-json\/wp\/v2\/media\/8383"}],"wp:attachment":[{"href":"http:\/\/viacaofortaleza.com.br\/index.php\/wp-json\/wp\/v2\/media?parent=8382"}],"wp:term":[{"taxonomy":"category","embeddable":true,"href":"http:\/\/viacaofortaleza.com.br\/index.php\/wp-json\/wp\/v2\/categories?post=8382"},{"taxonomy":"post_tag","embeddable":true,"href":"http:\/\/viacaofortaleza.com.br\/index.php\/wp-json\/wp\/v2\/tags?post=8382"}],"curies":[{"name":"wp","href":"https:\/\/api.w.org\/{rel}","templated":true}]}}