{"id":8414,"date":"2021-10-01T08:30:12","date_gmt":"2021-10-01T11:30:12","guid":{"rendered":"http:\/\/viacaofortaleza.com.br\/?p=8414"},"modified":"2021-09-27T16:40:23","modified_gmt":"2021-09-27T19:40:23","slug":"outubro-rosa-onde-ha-vida-ha-movimento","status":"publish","type":"post","link":"http:\/\/viacaofortaleza.com.br\/index.php\/2021\/10\/01\/outubro-rosa-onde-ha-vida-ha-movimento\/","title":{"rendered":"Outubro Rosa &#8211; Onde h\u00e1 vida, h\u00e1 movimento!"},"content":{"rendered":"<p>Neste ano, nosso Outubro Rosa, ter\u00e1 o tema: Onde h\u00e1 vida, h\u00e1 movimento!<\/p>\n<p>Para lembrar da import\u00e2ncia real de se manter sempre em movimento em busca de qualidade de vida, sa\u00fade do corpo de mente, pr\u00e1ticas saud\u00e1veis e cuidar de si!<\/p>\n<p>O combate e preven\u00e7\u00e3o do C\u00e2ncer de Mama, come\u00e7a com o autocuidado, cuidar de si \u00e9 o primeiro passo para uma vida plena e saud\u00e1vel!<\/p>\n<p>#outubrorosa #mama #combateaoc\u00e2ncer #movimento #vida<\/p>\n","protected":false},"excerpt":{"rendered":"<p>Neste ano, nosso Outubro Rosa, ter\u00e1 o tema: Onde h\u00e1 vida, h\u00e1 movimento! Para lembrar da import\u00e2ncia real de se manter sempre em movimento em busca de qualidade de vida, sa\u00fade do corpo de mente, pr\u00e1ticas saud\u00e1veis e cuidar de si! O combate e preven\u00e7\u00e3o do C\u00e2ncer de Mama, come\u00e7a com o autocuidado, cuidar de&hellip; <br \/> <a class=\"read-more\" href=\"http:\/\/viacaofortaleza.com.br\/index.php\/2021\/10\/01\/outubro-rosa-onde-ha-vida-ha-movimento\/\">Leia mais<\/a><\/p>\n","protected":false},"author":1,"featured_media":8415,"comment_status":"open","ping_status":"open","sticky":false,"template":"","format":"standard","meta":{"_mi_skip_tracking":false,"_monsterinsights_sitenote_active":false,"_monsterinsights_sitenote_note":"","_monsterinsights_sitenote_category":0,"ngg_post_thumbnail":0},"categories":[12],"tags":[928,927],"_links":{"self":[{"href":"http:\/\/viacaofortaleza.com.br\/index.php\/wp-json\/wp\/v2\/posts\/8414"}],"collection":[{"href":"http:\/\/viacaofortaleza.com.br\/index.php\/wp-json\/wp\/v2\/posts"}],"about":[{"href":"http:\/\/viacaofortaleza.com.br\/index.php\/wp-json\/wp\/v2\/types\/post"}],"author":[{"embeddable":true,"href":"http:\/\/viacaofortaleza.com.br\/index.php\/wp-json\/wp\/v2\/users\/1"}],"replies":[{"embeddable":true,"href":"http:\/\/viacaofortaleza.com.br\/index.php\/wp-json\/wp\/v2\/comments?post=8414"}],"version-history":[{"count":1,"href":"http:\/\/viacaofortaleza.com.br\/index.php\/wp-json\/wp\/v2\/posts\/8414\/revisions"}],"predecessor-version":[{"id":8416,"href":"http:\/\/viacaofortaleza.com.br\/index.php\/wp-json\/wp\/v2\/posts\/8414\/revisions\/8416"}],"wp:featuredmedia":[{"embeddable":true,"href":"http:\/\/viacaofortaleza.com.br\/index.php\/wp-json\/wp\/v2\/media\/8415"}],"wp:attachment":[{"href":"http:\/\/viacaofortaleza.com.br\/index.php\/wp-json\/wp\/v2\/media?parent=8414"}],"wp:term":[{"taxonomy":"category","embeddable":true,"href":"http:\/\/viacaofortaleza.com.br\/index.php\/wp-json\/wp\/v2\/categories?post=8414"},{"taxonomy":"post_tag","embeddable":true,"href":"http:\/\/viacaofortaleza.com.br\/index.php\/wp-json\/wp\/v2\/tags?post=8414"}],"curies":[{"name":"wp","href":"https:\/\/api.w.org\/{rel}","templated":true}]}}