{"id":8426,"date":"2021-10-15T08:30:53","date_gmt":"2021-10-15T11:30:53","guid":{"rendered":"http:\/\/viacaofortaleza.com.br\/?p=8426"},"modified":"2021-09-27T16:48:50","modified_gmt":"2021-09-27T19:48:50","slug":"outubro-rosa-quais-os-fatores-de-risco","status":"publish","type":"post","link":"http:\/\/viacaofortaleza.com.br\/index.php\/2021\/10\/15\/outubro-rosa-quais-os-fatores-de-risco\/","title":{"rendered":"Outubro Rosa &#8211; Quais os fatores de risco?"},"content":{"rendered":"<p>Se uma pessoa da fam\u00edlia \u2013 principalmente a m\u00e3e,&nbsp;irm\u00e3 ou filha \u2013 teve essa doen\u00e7a antes dos 50 anos&nbsp;de idade, a mulher tem mais chances de ter um c\u00e2ncer&nbsp;de mama.<\/p>\n<p>Quem j\u00e1 teve c\u00e2ncer em uma das mamas ou c\u00e2ncer de&nbsp;ov\u00e1rio, em qualquer idade, tamb\u00e9m deve ficar atenta.<\/p>\n<p>As mulheres com maior risco de ter o c\u00e2ncer de mama&nbsp;devem tomar cuidados especiais, fazendo,&nbsp;a partir dos 35 anos de idade, o exame cl\u00ednico das mamas e a mamografia, uma vez por ano.<\/p>\n<p>#outubrorosa #mama #combateaoc\u00e2ncer #movimento #vida<\/p>\n<div>&nbsp;<\/div>\n","protected":false},"excerpt":{"rendered":"<p>Se uma pessoa da fam\u00edlia \u2013 principalmente a m\u00e3e,&nbsp;irm\u00e3 ou filha \u2013 teve essa doen\u00e7a antes dos 50 anos&nbsp;de idade, a mulher tem mais chances de ter um c\u00e2ncer&nbsp;de mama. Quem j\u00e1 teve c\u00e2ncer em uma das mamas ou c\u00e2ncer de&nbsp;ov\u00e1rio, em qualquer idade, tamb\u00e9m deve ficar atenta. As mulheres com maior risco de ter&hellip; <br \/> <a class=\"read-more\" href=\"http:\/\/viacaofortaleza.com.br\/index.php\/2021\/10\/15\/outubro-rosa-quais-os-fatores-de-risco\/\">Leia mais<\/a><\/p>\n","protected":false},"author":1,"featured_media":8422,"comment_status":"open","ping_status":"open","sticky":false,"template":"","format":"standard","meta":{"_mi_skip_tracking":false,"_monsterinsights_sitenote_active":false,"_monsterinsights_sitenote_note":"","_monsterinsights_sitenote_category":0,"ngg_post_thumbnail":0},"categories":[12],"tags":[931],"_links":{"self":[{"href":"http:\/\/viacaofortaleza.com.br\/index.php\/wp-json\/wp\/v2\/posts\/8426"}],"collection":[{"href":"http:\/\/viacaofortaleza.com.br\/index.php\/wp-json\/wp\/v2\/posts"}],"about":[{"href":"http:\/\/viacaofortaleza.com.br\/index.php\/wp-json\/wp\/v2\/types\/post"}],"author":[{"embeddable":true,"href":"http:\/\/viacaofortaleza.com.br\/index.php\/wp-json\/wp\/v2\/users\/1"}],"replies":[{"embeddable":true,"href":"http:\/\/viacaofortaleza.com.br\/index.php\/wp-json\/wp\/v2\/comments?post=8426"}],"version-history":[{"count":1,"href":"http:\/\/viacaofortaleza.com.br\/index.php\/wp-json\/wp\/v2\/posts\/8426\/revisions"}],"predecessor-version":[{"id":8427,"href":"http:\/\/viacaofortaleza.com.br\/index.php\/wp-json\/wp\/v2\/posts\/8426\/revisions\/8427"}],"wp:featuredmedia":[{"embeddable":true,"href":"http:\/\/viacaofortaleza.com.br\/index.php\/wp-json\/wp\/v2\/media\/8422"}],"wp:attachment":[{"href":"http:\/\/viacaofortaleza.com.br\/index.php\/wp-json\/wp\/v2\/media?parent=8426"}],"wp:term":[{"taxonomy":"category","embeddable":true,"href":"http:\/\/viacaofortaleza.com.br\/index.php\/wp-json\/wp\/v2\/categories?post=8426"},{"taxonomy":"post_tag","embeddable":true,"href":"http:\/\/viacaofortaleza.com.br\/index.php\/wp-json\/wp\/v2\/tags?post=8426"}],"curies":[{"name":"wp","href":"https:\/\/api.w.org\/{rel}","templated":true}]}}