{"id":8512,"date":"2021-10-14T17:00:50","date_gmt":"2021-10-14T20:00:50","guid":{"rendered":"http:\/\/viacaofortaleza.com.br\/?p=8512"},"modified":"2021-10-14T16:47:08","modified_gmt":"2021-10-14T19:47:08","slug":"arte-de-crianca-a-exposicao","status":"publish","type":"post","link":"http:\/\/viacaofortaleza.com.br\/index.php\/2021\/10\/14\/arte-de-crianca-a-exposicao\/","title":{"rendered":"Arte de Crian\u00e7a &#8211; A Exposi\u00e7\u00e3o"},"content":{"rendered":"<div class=\"\" data-block=\"true\" data-editor=\"6l0fb\" data-offset-key=\"c88cn-0-0\">\n<div class=\"_1mf _1mj\" data-offset-key=\"c88cn-0-0\"><span data-offset-key=\"c88cn-0-0\">O m\u00eas das crian\u00e7as ainda tem muita coisa boa!&nbsp;<\/span>?????<\/div>\n<\/div>\n<div class=\"\" data-block=\"true\" data-editor=\"6l0fb\" data-offset-key=\"66odo-0-0\">\n<div class=\"_1mf _1mj\" data-offset-key=\"66odo-0-0\"><span data-offset-key=\"66odo-0-0\">&nbsp;<\/span><\/div>\n<\/div>\n<div class=\"\" data-block=\"true\" data-editor=\"6l0fb\" data-offset-key=\"ca0b0-0-0\">\n<div class=\"_1mf _1mj\" data-offset-key=\"ca0b0-0-0\"><span data-offset-key=\"ca0b0-0-0\">Vamos fazer uma Exposi\u00e7\u00e3o Especial de Dia das Crian\u00e7as, com obras de arte feitas pelo seu filho(a), colaborador!&nbsp;<\/span>Desenhos, pinturas, artesanatos, massinhas, maquetes e etc!<\/div>\n<div data-offset-key=\"ca0b0-0-0\">&nbsp;<\/div>\n<\/div>\n<div class=\"\" data-block=\"true\" data-editor=\"6l0fb\" data-offset-key=\"4991f-0-0\">\n<p>Voc\u00ea pode deixar no RH ou mandar uma foto pelo Facebook ou Instagram at\u00e9 o dia 25\/10! Identificando o nome e idade da crian\u00e7a e nome e matr\u00edcula do colaborador.<\/p>\n<p>&nbsp;<\/p>\n<\/div>\n<p>A exposi\u00e7\u00e3o, com visita dos Artistas e Pais, ser\u00e1 no dia 28\/10, \u00e0s 15h, no Audit\u00f3rio! Confirme sua presen\u00e7a no RH!<\/p>\n<div class=\"\" data-block=\"true\" data-editor=\"6l0fb\" data-offset-key=\"br4ep-0-0\">\n<div class=\"_1mf _1mj\" data-offset-key=\"br4ep-0-0\"><span data-offset-key=\"br4ep-0-0\">Contamos com a sua participa\u00e7\u00e3o!<\/span><\/div>\n<\/div>\n","protected":false},"excerpt":{"rendered":"<p>O m\u00eas das crian\u00e7as ainda tem muita coisa boa!&nbsp;????? &nbsp; Vamos fazer uma Exposi\u00e7\u00e3o Especial de Dia das Crian\u00e7as, com obras de arte feitas pelo seu filho(a), colaborador!&nbsp;Desenhos, pinturas, artesanatos, massinhas, maquetes e etc! &nbsp; Voc\u00ea pode deixar no RH ou mandar uma foto pelo Facebook ou Instagram at\u00e9 o dia 25\/10! Identificando o nome&hellip; <br \/> <a class=\"read-more\" href=\"http:\/\/viacaofortaleza.com.br\/index.php\/2021\/10\/14\/arte-de-crianca-a-exposicao\/\">Leia mais<\/a><\/p>\n","protected":false},"author":1,"featured_media":8514,"comment_status":"open","ping_status":"open","sticky":false,"template":"","format":"standard","meta":{"_mi_skip_tracking":false,"_monsterinsights_sitenote_active":false,"_monsterinsights_sitenote_note":"","_monsterinsights_sitenote_category":0,"ngg_post_thumbnail":0},"categories":[1],"tags":[954],"_links":{"self":[{"href":"http:\/\/viacaofortaleza.com.br\/index.php\/wp-json\/wp\/v2\/posts\/8512"}],"collection":[{"href":"http:\/\/viacaofortaleza.com.br\/index.php\/wp-json\/wp\/v2\/posts"}],"about":[{"href":"http:\/\/viacaofortaleza.com.br\/index.php\/wp-json\/wp\/v2\/types\/post"}],"author":[{"embeddable":true,"href":"http:\/\/viacaofortaleza.com.br\/index.php\/wp-json\/wp\/v2\/users\/1"}],"replies":[{"embeddable":true,"href":"http:\/\/viacaofortaleza.com.br\/index.php\/wp-json\/wp\/v2\/comments?post=8512"}],"version-history":[{"count":2,"href":"http:\/\/viacaofortaleza.com.br\/index.php\/wp-json\/wp\/v2\/posts\/8512\/revisions"}],"predecessor-version":[{"id":8517,"href":"http:\/\/viacaofortaleza.com.br\/index.php\/wp-json\/wp\/v2\/posts\/8512\/revisions\/8517"}],"wp:featuredmedia":[{"embeddable":true,"href":"http:\/\/viacaofortaleza.com.br\/index.php\/wp-json\/wp\/v2\/media\/8514"}],"wp:attachment":[{"href":"http:\/\/viacaofortaleza.com.br\/index.php\/wp-json\/wp\/v2\/media?parent=8512"}],"wp:term":[{"taxonomy":"category","embeddable":true,"href":"http:\/\/viacaofortaleza.com.br\/index.php\/wp-json\/wp\/v2\/categories?post=8512"},{"taxonomy":"post_tag","embeddable":true,"href":"http:\/\/viacaofortaleza.com.br\/index.php\/wp-json\/wp\/v2\/tags?post=8512"}],"curies":[{"name":"wp","href":"https:\/\/api.w.org\/{rel}","templated":true}]}}