{"id":8528,"date":"2021-11-14T08:00:09","date_gmt":"2021-11-14T11:00:09","guid":{"rendered":"http:\/\/viacaofortaleza.com.br\/?p=8528"},"modified":"2021-10-15T16:28:30","modified_gmt":"2021-10-15T19:28:30","slug":"dia-mundial-do-diabetes-3","status":"publish","type":"post","link":"http:\/\/viacaofortaleza.com.br\/index.php\/2021\/11\/14\/dia-mundial-do-diabetes-3\/","title":{"rendered":"Dia Mundial do Diabetes"},"content":{"rendered":"<p>14.11 &#8211; Dia Mundial do Diabetes<\/p>\n<p><img loading=\"lazy\" class=\"emojioneemoji\" src=\"https:\/\/cdn.jsdelivr.net\/emojione\/assets\/4.5\/png\/32\/1f539.png\" alt=\"?\" width=\"17\" height=\"17\">O diabetes \u00e9 uma doen\u00e7a cr\u00f4nica resultante do desequil\u00edbrio dos n\u00edveis de glicose no sangue, quando o p\u00e2ncreas n\u00e3o consegue produzir insulina suficiente (Diabetes tipo 1) ou quando a insulina produzida pelo p\u00e2ncreas n\u00e3o age adequadamente nas c\u00e9lulas do corpo devido a uma resist\u00eancia do corpo \u00e0 a\u00e7\u00e3o dela (Diabetes tipo 2).<\/p>\n<p><img loading=\"lazy\" class=\"emojioneemoji\" src=\"https:\/\/cdn.jsdelivr.net\/emojione\/assets\/4.5\/png\/32\/1f539.png\" alt=\"?\" width=\"17\" height=\"17\">Os principais sintomas da doen\u00e7a s\u00e3o: Sede, fome e cansa\u00e7o em excesso, perda de peso r\u00e1pida e involunt\u00e1ria, h\u00e1lito modificado, vis\u00e3o emba\u00e7ada e vontade de urinar v\u00e1rias vezes ao dia.<\/p>\n<p><img loading=\"lazy\" class=\"emojioneemoji\" src=\"https:\/\/cdn.jsdelivr.net\/emojione\/assets\/4.5\/png\/32\/1f539.png\" alt=\"?\" width=\"17\" height=\"17\">Manter h\u00e1bitos saud\u00e1veis ajudam a prevenir o diabetes e diversas outras doen\u00e7as:<\/p>\n<p>&#8211; Comer diariamente verduras, legumes e pelo menos 3 por\u00e7\u00f5es de frutas;<\/p>\n<p>&#8211; Reduzir o consumo de sal, a\u00e7\u00facar e gorduras;<\/p>\n<p>&#8211; Parar de fumar;<\/p>\n<p>&#8211; Praticar exerc\u00edcios f\u00edsicos por 30 minutos todos os dias;<\/p>\n<p>&#8211; Manter o peso controlado.<\/p>\n<div>&nbsp;<\/div>\n<p><img loading=\"lazy\" class=\"emojioneemoji\" src=\"https:\/\/cdn.jsdelivr.net\/emojione\/assets\/4.5\/png\/32\/1f539.png\" alt=\"?\" width=\"17\" height=\"17\">Se precisar, procure um m\u00e9dico especialista.<\/p>\n<p>#diabetes #preven\u00e7\u00e3o #controle<\/p>\n","protected":false},"excerpt":{"rendered":"<p>14.11 &#8211; Dia Mundial do Diabetes O diabetes \u00e9 uma doen\u00e7a cr\u00f4nica resultante do desequil\u00edbrio dos n\u00edveis de glicose no sangue, quando o p\u00e2ncreas n\u00e3o consegue produzir insulina suficiente (Diabetes tipo 1) ou quando a insulina produzida pelo p\u00e2ncreas n\u00e3o age adequadamente nas c\u00e9lulas do corpo devido a uma resist\u00eancia do corpo \u00e0 a\u00e7\u00e3o dela&hellip; <br \/> <a class=\"read-more\" href=\"http:\/\/viacaofortaleza.com.br\/index.php\/2021\/11\/14\/dia-mundial-do-diabetes-3\/\">Leia mais<\/a><\/p>\n","protected":false},"author":1,"featured_media":8529,"comment_status":"open","ping_status":"open","sticky":false,"template":"","format":"standard","meta":{"_mi_skip_tracking":false,"_monsterinsights_sitenote_active":false,"_monsterinsights_sitenote_note":"","_monsterinsights_sitenote_category":0,"ngg_post_thumbnail":0},"categories":[3],"tags":[528],"_links":{"self":[{"href":"http:\/\/viacaofortaleza.com.br\/index.php\/wp-json\/wp\/v2\/posts\/8528"}],"collection":[{"href":"http:\/\/viacaofortaleza.com.br\/index.php\/wp-json\/wp\/v2\/posts"}],"about":[{"href":"http:\/\/viacaofortaleza.com.br\/index.php\/wp-json\/wp\/v2\/types\/post"}],"author":[{"embeddable":true,"href":"http:\/\/viacaofortaleza.com.br\/index.php\/wp-json\/wp\/v2\/users\/1"}],"replies":[{"embeddable":true,"href":"http:\/\/viacaofortaleza.com.br\/index.php\/wp-json\/wp\/v2\/comments?post=8528"}],"version-history":[{"count":1,"href":"http:\/\/viacaofortaleza.com.br\/index.php\/wp-json\/wp\/v2\/posts\/8528\/revisions"}],"predecessor-version":[{"id":8530,"href":"http:\/\/viacaofortaleza.com.br\/index.php\/wp-json\/wp\/v2\/posts\/8528\/revisions\/8530"}],"wp:featuredmedia":[{"embeddable":true,"href":"http:\/\/viacaofortaleza.com.br\/index.php\/wp-json\/wp\/v2\/media\/8529"}],"wp:attachment":[{"href":"http:\/\/viacaofortaleza.com.br\/index.php\/wp-json\/wp\/v2\/media?parent=8528"}],"wp:term":[{"taxonomy":"category","embeddable":true,"href":"http:\/\/viacaofortaleza.com.br\/index.php\/wp-json\/wp\/v2\/categories?post=8528"},{"taxonomy":"post_tag","embeddable":true,"href":"http:\/\/viacaofortaleza.com.br\/index.php\/wp-json\/wp\/v2\/tags?post=8528"}],"curies":[{"name":"wp","href":"https:\/\/api.w.org\/{rel}","templated":true}]}}