{"id":8537,"date":"2021-11-20T08:00:48","date_gmt":"2021-11-20T11:00:48","guid":{"rendered":"http:\/\/viacaofortaleza.com.br\/?p=8537"},"modified":"2021-10-18T14:30:26","modified_gmt":"2021-10-18T17:30:26","slug":"dia-da-consciencia-negra","status":"publish","type":"post","link":"http:\/\/viacaofortaleza.com.br\/index.php\/2021\/11\/20\/dia-da-consciencia-negra\/","title":{"rendered":"Dia da Consci\u00eancia Negra"},"content":{"rendered":"<p>20.11 &#8211; Dia da Consci\u00eancia Negra<\/p>\n<div>&nbsp;<\/div>\n<p>O Brasil \u00e9 o pa\u00eds com a maior popula\u00e7\u00e3o negra fora do continente africano. De acordo com o IBGE, somos 110 milh\u00f5es de pessoas negras no pa\u00eds.<\/p>\n<div>&nbsp;<\/div>\n<p>A data de hoje, marca a import\u00e2ncia das discuss\u00f5es e a\u00e7\u00f5es para combater o racismo e a desigualdade social no pa\u00eds. A luta do povo negro tem avan\u00e7ado e mostrado cada vez mais que o respeito n\u00e3o pode ter cor!<\/p>\n<div>&nbsp;<\/div>\n<p>Vamos celebrar a cultura afro-brasileira e disseminar o respeito e a igualdade!<\/p>\n<div>&nbsp;<\/div>\n<p>#consci\u00eancianegra #respeito<\/p>\n<div>&nbsp;<\/div>\n","protected":false},"excerpt":{"rendered":"<p>20.11 &#8211; Dia da Consci\u00eancia Negra &nbsp; O Brasil \u00e9 o pa\u00eds com a maior popula\u00e7\u00e3o negra fora do continente africano. De acordo com o IBGE, somos 110 milh\u00f5es de pessoas negras no pa\u00eds. &nbsp; A data de hoje, marca a import\u00e2ncia das discuss\u00f5es e a\u00e7\u00f5es para combater o racismo e a desigualdade social no&hellip; <br \/> <a class=\"read-more\" href=\"http:\/\/viacaofortaleza.com.br\/index.php\/2021\/11\/20\/dia-da-consciencia-negra\/\">Leia mais<\/a><\/p>\n","protected":false},"author":1,"featured_media":8538,"comment_status":"open","ping_status":"open","sticky":false,"template":"","format":"standard","meta":{"_mi_skip_tracking":false,"_monsterinsights_sitenote_active":false,"_monsterinsights_sitenote_note":"","_monsterinsights_sitenote_category":0,"ngg_post_thumbnail":0},"categories":[3],"tags":[955],"_links":{"self":[{"href":"http:\/\/viacaofortaleza.com.br\/index.php\/wp-json\/wp\/v2\/posts\/8537"}],"collection":[{"href":"http:\/\/viacaofortaleza.com.br\/index.php\/wp-json\/wp\/v2\/posts"}],"about":[{"href":"http:\/\/viacaofortaleza.com.br\/index.php\/wp-json\/wp\/v2\/types\/post"}],"author":[{"embeddable":true,"href":"http:\/\/viacaofortaleza.com.br\/index.php\/wp-json\/wp\/v2\/users\/1"}],"replies":[{"embeddable":true,"href":"http:\/\/viacaofortaleza.com.br\/index.php\/wp-json\/wp\/v2\/comments?post=8537"}],"version-history":[{"count":1,"href":"http:\/\/viacaofortaleza.com.br\/index.php\/wp-json\/wp\/v2\/posts\/8537\/revisions"}],"predecessor-version":[{"id":8539,"href":"http:\/\/viacaofortaleza.com.br\/index.php\/wp-json\/wp\/v2\/posts\/8537\/revisions\/8539"}],"wp:featuredmedia":[{"embeddable":true,"href":"http:\/\/viacaofortaleza.com.br\/index.php\/wp-json\/wp\/v2\/media\/8538"}],"wp:attachment":[{"href":"http:\/\/viacaofortaleza.com.br\/index.php\/wp-json\/wp\/v2\/media?parent=8537"}],"wp:term":[{"taxonomy":"category","embeddable":true,"href":"http:\/\/viacaofortaleza.com.br\/index.php\/wp-json\/wp\/v2\/categories?post=8537"},{"taxonomy":"post_tag","embeddable":true,"href":"http:\/\/viacaofortaleza.com.br\/index.php\/wp-json\/wp\/v2\/tags?post=8537"}],"curies":[{"name":"wp","href":"https:\/\/api.w.org\/{rel}","templated":true}]}}