{"id":8563,"date":"2021-11-26T08:00:35","date_gmt":"2021-11-26T11:00:35","guid":{"rendered":"http:\/\/viacaofortaleza.com.br\/?p=8563"},"modified":"2021-10-21T08:40:51","modified_gmt":"2021-10-21T11:40:51","slug":"novembro-azul-tem-tratamento","status":"publish","type":"post","link":"http:\/\/viacaofortaleza.com.br\/index.php\/2021\/11\/26\/novembro-azul-tem-tratamento\/","title":{"rendered":"Novembro Azul &#8211; Tem tratamento?"},"content":{"rendered":"<p>Novembro Azul &#8211; Tem tratamento?<\/p>\n<p>A indica\u00e7\u00e3o da melhor forma de tratamento vai depender de v\u00e1rios aspectos, como estado de sa\u00fade atual, estado da doen\u00e7a e expectativa de vida.<\/p>\n<p>\u25b6Doen\u00e7a localizada &#8211; Confinada \u00e0 pr\u00f3stata:<\/p>\n<p>&#8211; Vigil\u00e2ncia ativa &#8211; Acompanhamento da doen\u00e7a;<\/p>\n<p>&#8211; Cirurgia radical &#8211; aberta, laparosc\u00f3pica e rob\u00f3tica;<\/p>\n<p>&#8211; Radioterapia.<\/p>\n<div>&nbsp;<\/div>\n<p>\u25b6Doen\u00e7a localmente avan\u00e7ada &#8211; Ultrapassa os limites da pr\u00f3stata:<\/p>\n<p>&#8211; Cirurgia radical &#8211; acompanhada ou n\u00e3o de horm\u00f4nio;<\/p>\n<p>&#8211; Radioterapia.<\/p>\n<div>&nbsp;<\/div>\n<p>\u25b6Doen\u00e7a avan\u00e7ada &#8211; Presente em outros \u00f3rg\u00e3os:<\/p>\n<p>&#8211; Tratamento cl\u00ednico com hormonioterapia, quimioterapia e novas drogas orais.<\/p>\n<div>&nbsp;<\/div>\n<p>A escolha do tratamento mais adequado deve ser individualizada e definida ap\u00f3s m\u00e9dico e paciente discutirem os riscos e benef\u00edcios de cada um.<\/p>\n<p>Fontes: Ag\u00eancia Brasil, INCA e Sociedade Brasileira de Urologia.<\/p>\n<p>#novembroazul #pr\u00f3stata#combateaoc\u00e2ncer #vida<\/p>\n","protected":false},"excerpt":{"rendered":"<p>Novembro Azul &#8211; Tem tratamento? A indica\u00e7\u00e3o da melhor forma de tratamento vai depender de v\u00e1rios aspectos, como estado de sa\u00fade atual, estado da doen\u00e7a e expectativa de vida. \u25b6Doen\u00e7a localizada &#8211; Confinada \u00e0 pr\u00f3stata: &#8211; Vigil\u00e2ncia ativa &#8211; Acompanhamento da doen\u00e7a; &#8211; Cirurgia radical &#8211; aberta, laparosc\u00f3pica e rob\u00f3tica; &#8211; Radioterapia. &nbsp; \u25b6Doen\u00e7a localmente&hellip; <br \/> <a class=\"read-more\" href=\"http:\/\/viacaofortaleza.com.br\/index.php\/2021\/11\/26\/novembro-azul-tem-tratamento\/\">Leia mais<\/a><\/p>\n","protected":false},"author":1,"featured_media":8552,"comment_status":"open","ping_status":"open","sticky":false,"template":"","format":"standard","meta":{"_mi_skip_tracking":false,"_monsterinsights_sitenote_active":false,"_monsterinsights_sitenote_note":"","_monsterinsights_sitenote_category":0,"ngg_post_thumbnail":0},"categories":[12],"tags":[961],"_links":{"self":[{"href":"http:\/\/viacaofortaleza.com.br\/index.php\/wp-json\/wp\/v2\/posts\/8563"}],"collection":[{"href":"http:\/\/viacaofortaleza.com.br\/index.php\/wp-json\/wp\/v2\/posts"}],"about":[{"href":"http:\/\/viacaofortaleza.com.br\/index.php\/wp-json\/wp\/v2\/types\/post"}],"author":[{"embeddable":true,"href":"http:\/\/viacaofortaleza.com.br\/index.php\/wp-json\/wp\/v2\/users\/1"}],"replies":[{"embeddable":true,"href":"http:\/\/viacaofortaleza.com.br\/index.php\/wp-json\/wp\/v2\/comments?post=8563"}],"version-history":[{"count":1,"href":"http:\/\/viacaofortaleza.com.br\/index.php\/wp-json\/wp\/v2\/posts\/8563\/revisions"}],"predecessor-version":[{"id":8564,"href":"http:\/\/viacaofortaleza.com.br\/index.php\/wp-json\/wp\/v2\/posts\/8563\/revisions\/8564"}],"wp:featuredmedia":[{"embeddable":true,"href":"http:\/\/viacaofortaleza.com.br\/index.php\/wp-json\/wp\/v2\/media\/8552"}],"wp:attachment":[{"href":"http:\/\/viacaofortaleza.com.br\/index.php\/wp-json\/wp\/v2\/media?parent=8563"}],"wp:term":[{"taxonomy":"category","embeddable":true,"href":"http:\/\/viacaofortaleza.com.br\/index.php\/wp-json\/wp\/v2\/categories?post=8563"},{"taxonomy":"post_tag","embeddable":true,"href":"http:\/\/viacaofortaleza.com.br\/index.php\/wp-json\/wp\/v2\/tags?post=8563"}],"curies":[{"name":"wp","href":"https:\/\/api.w.org\/{rel}","templated":true}]}}