{"id":8725,"date":"2021-11-29T15:33:19","date_gmt":"2021-11-29T18:33:19","guid":{"rendered":"http:\/\/viacaofortaleza.com.br\/?p=8725"},"modified":"2021-11-29T15:33:19","modified_gmt":"2021-11-29T18:33:19","slug":"novembro-azul-dia-d-saude-do-homem","status":"publish","type":"post","link":"http:\/\/viacaofortaleza.com.br\/index.php\/2021\/11\/29\/novembro-azul-dia-d-saude-do-homem\/","title":{"rendered":"Novembro Azul &#8211; Dia D &#8211; Sa\u00fade do Homem"},"content":{"rendered":"<p>Hoje aconteceu&nbsp;o Dia D em prol do Novembro Azul e a Sa\u00fade do homem!<\/p>\n<p>Com a parceria da turma de Barbearia do SENAC Centro, realizamos o atendimento de barbearia com corte de cabelo e barba para nossos colaboradores!<\/p>\n<p>Al\u00e9m de um quiz com a nossa Roleta da Sa\u00fade, sobre a preven\u00e7\u00e3o e combate ao c\u00e2ncer de pr\u00f3stata e sorteio de brindes!<\/p>\n<p>#novembroazul #homem #sa\u00fade<\/p>\n","protected":false},"excerpt":{"rendered":"<p>Hoje aconteceu&nbsp;o Dia D em prol do Novembro Azul e a Sa\u00fade do homem! Com a parceria da turma de Barbearia do SENAC Centro, realizamos o atendimento de barbearia com corte de cabelo e barba para nossos colaboradores! Al\u00e9m de um quiz com a nossa Roleta da Sa\u00fade, sobre a preven\u00e7\u00e3o e combate ao c\u00e2ncer&hellip; <br \/> <a class=\"read-more\" href=\"http:\/\/viacaofortaleza.com.br\/index.php\/2021\/11\/29\/novembro-azul-dia-d-saude-do-homem\/\">Leia mais<\/a><\/p>\n","protected":false},"author":1,"featured_media":8726,"comment_status":"open","ping_status":"open","sticky":false,"template":"","format":"standard","meta":{"_mi_skip_tracking":false,"_monsterinsights_sitenote_active":false,"_monsterinsights_sitenote_note":"","_monsterinsights_sitenote_category":0,"ngg_post_thumbnail":0},"categories":[12],"tags":[994],"_links":{"self":[{"href":"http:\/\/viacaofortaleza.com.br\/index.php\/wp-json\/wp\/v2\/posts\/8725"}],"collection":[{"href":"http:\/\/viacaofortaleza.com.br\/index.php\/wp-json\/wp\/v2\/posts"}],"about":[{"href":"http:\/\/viacaofortaleza.com.br\/index.php\/wp-json\/wp\/v2\/types\/post"}],"author":[{"embeddable":true,"href":"http:\/\/viacaofortaleza.com.br\/index.php\/wp-json\/wp\/v2\/users\/1"}],"replies":[{"embeddable":true,"href":"http:\/\/viacaofortaleza.com.br\/index.php\/wp-json\/wp\/v2\/comments?post=8725"}],"version-history":[{"count":1,"href":"http:\/\/viacaofortaleza.com.br\/index.php\/wp-json\/wp\/v2\/posts\/8725\/revisions"}],"predecessor-version":[{"id":8727,"href":"http:\/\/viacaofortaleza.com.br\/index.php\/wp-json\/wp\/v2\/posts\/8725\/revisions\/8727"}],"wp:featuredmedia":[{"embeddable":true,"href":"http:\/\/viacaofortaleza.com.br\/index.php\/wp-json\/wp\/v2\/media\/8726"}],"wp:attachment":[{"href":"http:\/\/viacaofortaleza.com.br\/index.php\/wp-json\/wp\/v2\/media?parent=8725"}],"wp:term":[{"taxonomy":"category","embeddable":true,"href":"http:\/\/viacaofortaleza.com.br\/index.php\/wp-json\/wp\/v2\/categories?post=8725"},{"taxonomy":"post_tag","embeddable":true,"href":"http:\/\/viacaofortaleza.com.br\/index.php\/wp-json\/wp\/v2\/tags?post=8725"}],"curies":[{"name":"wp","href":"https:\/\/api.w.org\/{rel}","templated":true}]}}