{"id":8748,"date":"2021-12-08T08:13:10","date_gmt":"2021-12-08T11:13:10","guid":{"rendered":"http:\/\/viacaofortaleza.com.br\/?p=8748"},"modified":"2021-12-08T08:13:10","modified_gmt":"2021-12-08T11:13:10","slug":"sipat-2021-momento-saude-mental","status":"publish","type":"post","link":"http:\/\/viacaofortaleza.com.br\/index.php\/2021\/12\/08\/sipat-2021-momento-saude-mental\/","title":{"rendered":"SIPAT 2021 &#8211; Momento Sa\u00fade Mental"},"content":{"rendered":"<div class=\"\" data-block=\"true\" data-editor=\"5gorh\" data-offset-key=\"6o9li-0-0\">\n<div class=\"_1mf _1mj\" data-offset-key=\"6o9li-0-0\"><span data-offset-key=\"6o9li-0-0\">E encerrando a nossa ter\u00e7a-feira, realizamos um momento para cuidar da sa\u00fade mental dos nossos colaboradores, com o tema: o cuidar que se estende ao outro, trabalhamos o autocuidado e o cuidar do pr\u00f3ximo, a import\u00e2ncia do estar bem para cuidar bem!<\/span><\/div>\n<\/div>\n<div class=\"\" data-block=\"true\" data-editor=\"5gorh\" data-offset-key=\"8kpkh-0-0\">\n<div class=\"_1mf _1mj\" data-offset-key=\"8kpkh-0-0\"><span data-offset-key=\"8kpkh-0-0\">&nbsp;<\/span><\/div>\n<\/div>\n<div class=\"\" data-block=\"true\" data-editor=\"5gorh\" data-offset-key=\"6qd5e-0-0\">\n<div class=\"_1mf _1mj\" data-offset-key=\"6qd5e-0-0\"><span class=\"_5zk7\" spellcheck=\"false\" data-offset-key=\"6qd5e-0-0\"><span data-offset-key=\"6qd5e-0-0\">#sipat<\/span><\/span> <span class=\"_5zk7\" spellcheck=\"false\" data-offset-key=\"6qd5e-2-0\"><span data-offset-key=\"6qd5e-2-0\">#cuidado<\/span><\/span> <span class=\"_5zk7\" spellcheck=\"false\" data-offset-key=\"6qd5e-4-0\"><span data-offset-key=\"6qd5e-4-0\">#seguran\u00e7a<\/span><\/span> <span class=\"_5zk7\" spellcheck=\"false\" data-offset-key=\"6qd5e-6-0\"><span data-offset-key=\"6qd5e-6-0\">#sa\u00fademental<\/span><\/span><\/div>\n<\/div>\n<div class=\"\" data-block=\"true\" data-editor=\"5gorh\" data-offset-key=\"30lfm-0-0\">\n<div class=\"_1mf _1mj\" data-offset-key=\"30lfm-0-0\"><span data-offset-key=\"30lfm-0-0\">&nbsp;<\/span><\/div>\n<\/div>\n<div class=\"\" data-block=\"true\" data-editor=\"5gorh\" data-offset-key=\"6dg1j-0-0\">\n<div class=\"_1mf _1mj\" data-offset-key=\"6dg1j-0-0\"><span data-offset-key=\"6dg1j-0-0\">&nbsp;<\/span><\/div>\n<\/div>\n<div class=\"\" data-block=\"true\" data-editor=\"5gorh\" data-offset-key=\"bp6ic-0-0\">&nbsp;<\/div>\n","protected":false},"excerpt":{"rendered":"<p>E encerrando a nossa ter\u00e7a-feira, realizamos um momento para cuidar da sa\u00fade mental dos nossos colaboradores, com o tema: o cuidar que se estende ao outro, trabalhamos o autocuidado e o cuidar do pr\u00f3ximo, a import\u00e2ncia do estar bem para cuidar bem! &nbsp; #sipat #cuidado #seguran\u00e7a #sa\u00fademental &nbsp; &nbsp; &nbsp;<\/p>\n","protected":false},"author":1,"featured_media":8750,"comment_status":"open","ping_status":"open","sticky":false,"template":"","format":"standard","meta":{"_mi_skip_tracking":false,"_monsterinsights_sitenote_active":false,"_monsterinsights_sitenote_note":"","_monsterinsights_sitenote_category":0,"ngg_post_thumbnail":0},"categories":[12],"tags":[998],"_links":{"self":[{"href":"http:\/\/viacaofortaleza.com.br\/index.php\/wp-json\/wp\/v2\/posts\/8748"}],"collection":[{"href":"http:\/\/viacaofortaleza.com.br\/index.php\/wp-json\/wp\/v2\/posts"}],"about":[{"href":"http:\/\/viacaofortaleza.com.br\/index.php\/wp-json\/wp\/v2\/types\/post"}],"author":[{"embeddable":true,"href":"http:\/\/viacaofortaleza.com.br\/index.php\/wp-json\/wp\/v2\/users\/1"}],"replies":[{"embeddable":true,"href":"http:\/\/viacaofortaleza.com.br\/index.php\/wp-json\/wp\/v2\/comments?post=8748"}],"version-history":[{"count":1,"href":"http:\/\/viacaofortaleza.com.br\/index.php\/wp-json\/wp\/v2\/posts\/8748\/revisions"}],"predecessor-version":[{"id":8751,"href":"http:\/\/viacaofortaleza.com.br\/index.php\/wp-json\/wp\/v2\/posts\/8748\/revisions\/8751"}],"wp:featuredmedia":[{"embeddable":true,"href":"http:\/\/viacaofortaleza.com.br\/index.php\/wp-json\/wp\/v2\/media\/8750"}],"wp:attachment":[{"href":"http:\/\/viacaofortaleza.com.br\/index.php\/wp-json\/wp\/v2\/media?parent=8748"}],"wp:term":[{"taxonomy":"category","embeddable":true,"href":"http:\/\/viacaofortaleza.com.br\/index.php\/wp-json\/wp\/v2\/categories?post=8748"},{"taxonomy":"post_tag","embeddable":true,"href":"http:\/\/viacaofortaleza.com.br\/index.php\/wp-json\/wp\/v2\/tags?post=8748"}],"curies":[{"name":"wp","href":"https:\/\/api.w.org\/{rel}","templated":true}]}}