{"id":8764,"date":"2021-12-13T13:40:42","date_gmt":"2021-12-13T16:40:42","guid":{"rendered":"http:\/\/viacaofortaleza.com.br\/?p=8764"},"modified":"2021-12-13T16:10:07","modified_gmt":"2021-12-13T19:10:07","slug":"onibus-iluminado-boas-festas","status":"publish","type":"post","link":"http:\/\/viacaofortaleza.com.br\/index.php\/2021\/12\/13\/onibus-iluminado-boas-festas\/","title":{"rendered":"\u00d4nibus Iluminado &#8211; Boas Festas!"},"content":{"rendered":"<p>Nosso \u00f4nibus iluminado estar\u00e1 em circula\u00e7\u00e3o at\u00e9 o fim do ano!&nbsp;<img class=\"emojioneemoji\" src=\"https:\/\/cdn.jsdelivr.net\/emojione\/assets\/4.5\/png\/32\/1f384.png\" alt=\"?\"><\/p>\n<p>Confira os dias e as linhas que ele iluminar\u00e1 as ruas de Fortaleza!&nbsp;<img class=\"emojioneemoji\" src=\"https:\/\/cdn.jsdelivr.net\/emojione\/assets\/4.5\/png\/32\/2728.png\" alt=\"\u2728\"><\/p>\n<div>Linha 038 &#8211; a partir das 17:30h<br \/>\nLinha 315 &#8211; a partir das 16h<br \/>\nLinhas 004\/068 &#8211; a partir das 15h<\/div>\n<div>&nbsp;<\/div>\n<p>#\u00f4nibusilumiando #feliznatal #natal #baosfestas<\/p>\n","protected":false},"excerpt":{"rendered":"<p>Nosso \u00f4nibus iluminado estar\u00e1 em circula\u00e7\u00e3o at\u00e9 o fim do ano!&nbsp; Confira os dias e as linhas que ele iluminar\u00e1 as ruas de Fortaleza!&nbsp; Linha 038 &#8211; a partir das 17:30h Linha 315 &#8211; a partir das 16h Linhas 004\/068 &#8211; a partir das 15h &nbsp; #\u00f4nibusilumiando #feliznatal #natal #baosfestas<\/p>\n","protected":false},"author":1,"featured_media":8768,"comment_status":"open","ping_status":"open","sticky":false,"template":"","format":"standard","meta":{"_mi_skip_tracking":false,"_monsterinsights_sitenote_active":false,"_monsterinsights_sitenote_note":"","_monsterinsights_sitenote_category":0,"ngg_post_thumbnail":0},"categories":[12],"tags":[1001],"_links":{"self":[{"href":"http:\/\/viacaofortaleza.com.br\/index.php\/wp-json\/wp\/v2\/posts\/8764"}],"collection":[{"href":"http:\/\/viacaofortaleza.com.br\/index.php\/wp-json\/wp\/v2\/posts"}],"about":[{"href":"http:\/\/viacaofortaleza.com.br\/index.php\/wp-json\/wp\/v2\/types\/post"}],"author":[{"embeddable":true,"href":"http:\/\/viacaofortaleza.com.br\/index.php\/wp-json\/wp\/v2\/users\/1"}],"replies":[{"embeddable":true,"href":"http:\/\/viacaofortaleza.com.br\/index.php\/wp-json\/wp\/v2\/comments?post=8764"}],"version-history":[{"count":2,"href":"http:\/\/viacaofortaleza.com.br\/index.php\/wp-json\/wp\/v2\/posts\/8764\/revisions"}],"predecessor-version":[{"id":8769,"href":"http:\/\/viacaofortaleza.com.br\/index.php\/wp-json\/wp\/v2\/posts\/8764\/revisions\/8769"}],"wp:featuredmedia":[{"embeddable":true,"href":"http:\/\/viacaofortaleza.com.br\/index.php\/wp-json\/wp\/v2\/media\/8768"}],"wp:attachment":[{"href":"http:\/\/viacaofortaleza.com.br\/index.php\/wp-json\/wp\/v2\/media?parent=8764"}],"wp:term":[{"taxonomy":"category","embeddable":true,"href":"http:\/\/viacaofortaleza.com.br\/index.php\/wp-json\/wp\/v2\/categories?post=8764"},{"taxonomy":"post_tag","embeddable":true,"href":"http:\/\/viacaofortaleza.com.br\/index.php\/wp-json\/wp\/v2\/tags?post=8764"}],"curies":[{"name":"wp","href":"https:\/\/api.w.org\/{rel}","templated":true}]}}