{"id":8788,"date":"2021-12-21T09:24:12","date_gmt":"2021-12-21T12:24:12","guid":{"rendered":"http:\/\/viacaofortaleza.com.br\/?p=8788"},"modified":"2021-12-21T09:24:12","modified_gmt":"2021-12-21T12:24:12","slug":"vacinacao-gratuita-para-gripe","status":"publish","type":"post","link":"http:\/\/viacaofortaleza.com.br\/index.php\/2021\/12\/21\/vacinacao-gratuita-para-gripe\/","title":{"rendered":"Vacina\u00e7\u00e3o gratuita para Gripe"},"content":{"rendered":"<p>&gt; COMPARTILHANDO&lt;<\/p>\n<div>&nbsp;<\/div>\n<div><img class=\"emojione\" title=\":syringe:\" src=\"https:\/\/cdn.jsdelivr.net\/emojione\/assets\/4.5\/png\/32\/1f489.png\" alt=\"?\"><img class=\"emojione\" title=\":microbe:\" src=\"https:\/\/cdn.jsdelivr.net\/emojione\/assets\/4.5\/png\/32\/1f9a0.png\" alt=\"?\">&nbsp;Com o crescimento dos casos de gripe no Cear\u00e1, um shopping de Fortaleza est\u00e1 oferecendo vacina\u00e7\u00e3o gratuita entre os dias 20 e 23 de dezembro. O atendimento \u00e9 das 8h \u00e0s 12h, e das 13h \u00e0s 17h no Shopping Benfica.<\/p>\n<p>Para se vacinar, basta apresentar um documento original com foto e CPF. No caso de menores de idade, \u00e9 preciso estar acompanhado de um respons\u00e1vel.<\/p>\n<p><img class=\"emojione\" title=\":no_entry_sign:\" src=\"https:\/\/cdn.jsdelivr.net\/emojione\/assets\/4.5\/png\/32\/1f6ab.png\" alt=\"?\">&nbsp;N\u00e3o \u00e9 recomendada a vacina\u00e7\u00e3o de pessoas que estejam apresentando sintomas gripais, quem j\u00e1 tomou a vacina neste ano ou quem tem alergia a ovo.<\/p>\n<p>Tomei a vacina da covid recente, e agora?<br \/>\nDesde setembro, o Minist\u00e9rio da Sa\u00fade eliminou o intervalo entre os imunizantes contra a gripe e contra a Covid-19. Ou seja, \u00e9 poss\u00edvel tomar as duas vacinas no mesmo dia.<\/p>\n<p>Servi\u00e7o<br \/>\nVacina\u00e7\u00e3o gratuita contra a gripe<br \/>\nLocal: Piso T\u00e9rreo do Shopping Benfica.<br \/>\nEndere\u00e7o: Av. Carapinima, 2200, Benfica.<br \/>\nHor\u00e1rio: 8h \u00e0s 12h e 13h \u00e0s 17h.<\/p>\n<p>(Foto: Myke Sena\/Minist\u00e9rio da Sa\u00fade)<\/p>\n<p>#JornalJangadeiro #Not\u00edciasFortaleza #Vacina\u00e7\u00e3oGripe #JJFeed #JJServi\u00e7o<\/p><\/div>\n","protected":false},"excerpt":{"rendered":"<p>&gt; COMPARTILHANDO&lt; &nbsp; &nbsp;Com o crescimento dos casos de gripe no Cear\u00e1, um shopping de Fortaleza est\u00e1 oferecendo vacina\u00e7\u00e3o gratuita entre os dias 20 e 23 de dezembro. O atendimento \u00e9 das 8h \u00e0s 12h, e das 13h \u00e0s 17h no Shopping Benfica. Para se vacinar, basta apresentar um documento original com foto e CPF.&hellip; <br \/> <a class=\"read-more\" href=\"http:\/\/viacaofortaleza.com.br\/index.php\/2021\/12\/21\/vacinacao-gratuita-para-gripe\/\">Leia mais<\/a><\/p>\n","protected":false},"author":1,"featured_media":8789,"comment_status":"open","ping_status":"open","sticky":false,"template":"","format":"standard","meta":{"_mi_skip_tracking":false,"_monsterinsights_sitenote_active":false,"_monsterinsights_sitenote_note":"","_monsterinsights_sitenote_category":0,"ngg_post_thumbnail":0},"categories":[12,1],"tags":[1003],"_links":{"self":[{"href":"http:\/\/viacaofortaleza.com.br\/index.php\/wp-json\/wp\/v2\/posts\/8788"}],"collection":[{"href":"http:\/\/viacaofortaleza.com.br\/index.php\/wp-json\/wp\/v2\/posts"}],"about":[{"href":"http:\/\/viacaofortaleza.com.br\/index.php\/wp-json\/wp\/v2\/types\/post"}],"author":[{"embeddable":true,"href":"http:\/\/viacaofortaleza.com.br\/index.php\/wp-json\/wp\/v2\/users\/1"}],"replies":[{"embeddable":true,"href":"http:\/\/viacaofortaleza.com.br\/index.php\/wp-json\/wp\/v2\/comments?post=8788"}],"version-history":[{"count":1,"href":"http:\/\/viacaofortaleza.com.br\/index.php\/wp-json\/wp\/v2\/posts\/8788\/revisions"}],"predecessor-version":[{"id":8790,"href":"http:\/\/viacaofortaleza.com.br\/index.php\/wp-json\/wp\/v2\/posts\/8788\/revisions\/8790"}],"wp:featuredmedia":[{"embeddable":true,"href":"http:\/\/viacaofortaleza.com.br\/index.php\/wp-json\/wp\/v2\/media\/8789"}],"wp:attachment":[{"href":"http:\/\/viacaofortaleza.com.br\/index.php\/wp-json\/wp\/v2\/media?parent=8788"}],"wp:term":[{"taxonomy":"category","embeddable":true,"href":"http:\/\/viacaofortaleza.com.br\/index.php\/wp-json\/wp\/v2\/categories?post=8788"},{"taxonomy":"post_tag","embeddable":true,"href":"http:\/\/viacaofortaleza.com.br\/index.php\/wp-json\/wp\/v2\/tags?post=8788"}],"curies":[{"name":"wp","href":"https:\/\/api.w.org\/{rel}","templated":true}]}}