{"id":8847,"date":"2022-01-03T16:14:25","date_gmt":"2022-01-03T19:14:25","guid":{"rendered":"http:\/\/viacaofortaleza.com.br\/?p=8847"},"modified":"2022-01-03T16:14:25","modified_gmt":"2022-01-03T19:14:25","slug":"janeiro-branco-o-mundo-pede-saude-mental","status":"publish","type":"post","link":"http:\/\/viacaofortaleza.com.br\/index.php\/2022\/01\/03\/janeiro-branco-o-mundo-pede-saude-mental\/","title":{"rendered":"Janeiro Branco &#8211; O Mundo pede Sa\u00fade Mental!"},"content":{"rendered":"<p>Janeiro Branco &#8211; O Mundo pede Sa\u00fade Mental!<\/p>\n<p>Mais um ciclo se inicia e n\u00f3s viemos aqui lembrar que a Sa\u00fade Mental come\u00e7a com o Autocuidado.<\/p>\n<p>Autocuidado \u00e9 Amor.&nbsp;<\/p>\n<p>Se amar, cuidar da sa\u00fade, cuidar de si e compartilhar esse cuidado com o outro.<\/p>\n<div>&nbsp;<\/div>\n<p>#janeirobranco #sa\u00fademental #corpoemente<\/p>\n<div>&nbsp;<\/div>\n","protected":false},"excerpt":{"rendered":"<p>Janeiro Branco &#8211; O Mundo pede Sa\u00fade Mental! Mais um ciclo se inicia e n\u00f3s viemos aqui lembrar que a Sa\u00fade Mental come\u00e7a com o Autocuidado. Autocuidado \u00e9 Amor.&nbsp; Se amar, cuidar da sa\u00fade, cuidar de si e compartilhar esse cuidado com o outro. &nbsp; #janeirobranco #sa\u00fademental #corpoemente &nbsp;<\/p>\n","protected":false},"author":1,"featured_media":8849,"comment_status":"open","ping_status":"open","sticky":false,"template":"","format":"standard","meta":{"_mi_skip_tracking":false,"_monsterinsights_sitenote_active":false,"_monsterinsights_sitenote_note":"","_monsterinsights_sitenote_category":0,"ngg_post_thumbnail":0},"categories":[12],"tags":[1008],"_links":{"self":[{"href":"http:\/\/viacaofortaleza.com.br\/index.php\/wp-json\/wp\/v2\/posts\/8847"}],"collection":[{"href":"http:\/\/viacaofortaleza.com.br\/index.php\/wp-json\/wp\/v2\/posts"}],"about":[{"href":"http:\/\/viacaofortaleza.com.br\/index.php\/wp-json\/wp\/v2\/types\/post"}],"author":[{"embeddable":true,"href":"http:\/\/viacaofortaleza.com.br\/index.php\/wp-json\/wp\/v2\/users\/1"}],"replies":[{"embeddable":true,"href":"http:\/\/viacaofortaleza.com.br\/index.php\/wp-json\/wp\/v2\/comments?post=8847"}],"version-history":[{"count":1,"href":"http:\/\/viacaofortaleza.com.br\/index.php\/wp-json\/wp\/v2\/posts\/8847\/revisions"}],"predecessor-version":[{"id":8850,"href":"http:\/\/viacaofortaleza.com.br\/index.php\/wp-json\/wp\/v2\/posts\/8847\/revisions\/8850"}],"wp:featuredmedia":[{"embeddable":true,"href":"http:\/\/viacaofortaleza.com.br\/index.php\/wp-json\/wp\/v2\/media\/8849"}],"wp:attachment":[{"href":"http:\/\/viacaofortaleza.com.br\/index.php\/wp-json\/wp\/v2\/media?parent=8847"}],"wp:term":[{"taxonomy":"category","embeddable":true,"href":"http:\/\/viacaofortaleza.com.br\/index.php\/wp-json\/wp\/v2\/categories?post=8847"},{"taxonomy":"post_tag","embeddable":true,"href":"http:\/\/viacaofortaleza.com.br\/index.php\/wp-json\/wp\/v2\/tags?post=8847"}],"curies":[{"name":"wp","href":"https:\/\/api.w.org\/{rel}","templated":true}]}}