{"id":8971,"date":"2022-02-20T08:00:31","date_gmt":"2022-02-20T11:00:31","guid":{"rendered":"http:\/\/viacaofortaleza.com.br\/?p=8971"},"modified":"2022-02-14T10:49:57","modified_gmt":"2022-02-14T13:49:57","slug":"20-02-dia-nacional-de-combate-as-drogas-e-ao-alcoolismo","status":"publish","type":"post","link":"http:\/\/viacaofortaleza.com.br\/index.php\/2022\/02\/20\/20-02-dia-nacional-de-combate-as-drogas-e-ao-alcoolismo\/","title":{"rendered":"Dia Nacional de Combate \u00e0s Drogas e ao Alcoolismo"},"content":{"rendered":"<p><span style=\"background-color: transparent;\">\u00c1lcool e outras drogas: DIGA N\u00c3O!<\/span><\/p>\n<div>&nbsp;<\/div>\n<p>A Organiza\u00e7\u00e3o Mundial da Sa\u00fade (OMS) considera que a depend\u00eancia em drogas l\u00edcitas ou il\u00edcitas \u00e9 uma doen\u00e7a, e seu uso \u00e9 um problema de sa\u00fade p\u00fablica de ordem internacional que preocupa na\u00e7\u00f5es do mundo inteiro!<\/p>\n<div>&nbsp;<\/div>\n<p>Quem necessita de tratamento no SUS devido ao abuso de \u00e1lcool e outras drogas deve procurar as Unidades B\u00e1sicas de Sa\u00fade (UBS), os Centros de Aten\u00e7\u00e3o Psicossocial (CAPS) e os Centros de Aten\u00e7\u00e3o Psicossocial \u00c1lcool e Drogas III<\/p>\n<div>&nbsp;<\/div>\n<p>(CAPS AD). O atendimento conta com equipes multiprofissionais compostas por m\u00e9dico psiquiatra, cl\u00ednico geral, psic\u00f3logos, dentre outros.<\/p>\n<div>&nbsp;<\/div>\n<p>\u26a0Seu apoio pode fazer a diferen\u00e7a na vida daqueles que sofrem com o alcoolismo e com a depend\u00eancia de drogas.<\/p>\n<div>&nbsp;20.02 &#8211; Dia Nacional de Combate \u00e0s Drogas e ao Alcoolismo<\/div>\n<div>&nbsp;<\/div>\n<p>#drogasn\u00e3o #combateaoalcoolismo #digan\u00e3o #oms<\/p>\n","protected":false},"excerpt":{"rendered":"<p>\u00c1lcool e outras drogas: DIGA N\u00c3O! &nbsp; A Organiza\u00e7\u00e3o Mundial da Sa\u00fade (OMS) considera que a depend\u00eancia em drogas l\u00edcitas ou il\u00edcitas \u00e9 uma doen\u00e7a, e seu uso \u00e9 um problema de sa\u00fade p\u00fablica de ordem internacional que preocupa na\u00e7\u00f5es do mundo inteiro! &nbsp; Quem necessita de tratamento no SUS devido ao abuso de \u00e1lcool&hellip; <br \/> <a class=\"read-more\" href=\"http:\/\/viacaofortaleza.com.br\/index.php\/2022\/02\/20\/20-02-dia-nacional-de-combate-as-drogas-e-ao-alcoolismo\/\">Leia mais<\/a><\/p>\n","protected":false},"author":1,"featured_media":8972,"comment_status":"open","ping_status":"open","sticky":false,"template":"","format":"standard","meta":{"_mi_skip_tracking":false,"_monsterinsights_sitenote_active":false,"_monsterinsights_sitenote_note":"","_monsterinsights_sitenote_category":0,"ngg_post_thumbnail":0},"categories":[3],"tags":[1035],"_links":{"self":[{"href":"http:\/\/viacaofortaleza.com.br\/index.php\/wp-json\/wp\/v2\/posts\/8971"}],"collection":[{"href":"http:\/\/viacaofortaleza.com.br\/index.php\/wp-json\/wp\/v2\/posts"}],"about":[{"href":"http:\/\/viacaofortaleza.com.br\/index.php\/wp-json\/wp\/v2\/types\/post"}],"author":[{"embeddable":true,"href":"http:\/\/viacaofortaleza.com.br\/index.php\/wp-json\/wp\/v2\/users\/1"}],"replies":[{"embeddable":true,"href":"http:\/\/viacaofortaleza.com.br\/index.php\/wp-json\/wp\/v2\/comments?post=8971"}],"version-history":[{"count":2,"href":"http:\/\/viacaofortaleza.com.br\/index.php\/wp-json\/wp\/v2\/posts\/8971\/revisions"}],"predecessor-version":[{"id":8974,"href":"http:\/\/viacaofortaleza.com.br\/index.php\/wp-json\/wp\/v2\/posts\/8971\/revisions\/8974"}],"wp:featuredmedia":[{"embeddable":true,"href":"http:\/\/viacaofortaleza.com.br\/index.php\/wp-json\/wp\/v2\/media\/8972"}],"wp:attachment":[{"href":"http:\/\/viacaofortaleza.com.br\/index.php\/wp-json\/wp\/v2\/media?parent=8971"}],"wp:term":[{"taxonomy":"category","embeddable":true,"href":"http:\/\/viacaofortaleza.com.br\/index.php\/wp-json\/wp\/v2\/categories?post=8971"},{"taxonomy":"post_tag","embeddable":true,"href":"http:\/\/viacaofortaleza.com.br\/index.php\/wp-json\/wp\/v2\/tags?post=8971"}],"curies":[{"name":"wp","href":"https:\/\/api.w.org\/{rel}","templated":true}]}}