{"id":9030,"date":"2022-03-25T08:00:20","date_gmt":"2022-03-25T11:00:20","guid":{"rendered":"http:\/\/viacaofortaleza.com.br\/?p=9030"},"modified":"2022-03-03T11:48:55","modified_gmt":"2022-03-03T14:48:55","slug":"data-magna-do-ceara-2","status":"publish","type":"post","link":"http:\/\/viacaofortaleza.com.br\/index.php\/2022\/03\/25\/data-magna-do-ceara-2\/","title":{"rendered":"Data Magna do Cear\u00e1"},"content":{"rendered":"<div class=\"\" data-block=\"true\" data-editor=\"7ikqa\" data-offset-key=\"c3o75-0-0\">\n<div class=\"_1mf _1mj\" data-offset-key=\"c3o75-0-0\"><span data-offset-key=\"c3o75-0-0\">25.03 &#8211; Data Magna do Cear\u00e1<\/span><\/div>\n<\/div>\n<div class=\"\" data-block=\"true\" data-editor=\"7ikqa\" data-offset-key=\"djdsu-0-0\">\n<div class=\"_1mf _1mj\" data-offset-key=\"djdsu-0-0\"><span data-offset-key=\"djdsu-0-0\">&nbsp;<\/span><\/div>\n<\/div>\n<div class=\"\" data-block=\"true\" data-editor=\"7ikqa\" data-offset-key=\"1aalf-0-0\">\n<div class=\"_1mf _1mj\" data-offset-key=\"1aalf-0-0\"><span data-offset-key=\"1aalf-0-0\">A Data Magna do Cear\u00e1 \u00e9 uma data para celebrar a aboli\u00e7\u00e3o dos escravos no Cear\u00e1, marco hist\u00f3rico do nosso estado.<\/span><\/div>\n<\/div>\n<div class=\"\" data-block=\"true\" data-editor=\"7ikqa\" data-offset-key=\"efi04-0-0\">\n<div class=\"_1mf _1mj\" data-offset-key=\"efi04-0-0\"><span data-offset-key=\"efi04-0-0\">&nbsp;<\/span><\/div>\n<\/div>\n<div class=\"\" data-block=\"true\" data-editor=\"7ikqa\" data-offset-key=\"ctv2-0-0\">\n<div class=\"_1mf _1mj\" data-offset-key=\"ctv2-0-0\"><span data-offset-key=\"ctv2-0-0\">A liberdade \u00e9 um direito de todos!<\/span><\/div>\n<\/div>\n<div class=\"\" data-block=\"true\" data-editor=\"7ikqa\" data-offset-key=\"brpb0-0-0\">\n<div class=\"_1mf _1mj\" data-offset-key=\"brpb0-0-0\"><span data-offset-key=\"brpb0-0-0\">&nbsp;<\/span><\/div>\n<\/div>\n<div class=\"\" data-block=\"true\" data-editor=\"7ikqa\" data-offset-key=\"58uip-0-0\">\n<div class=\"_1mf _1mj\" data-offset-key=\"58uip-0-0\"><span class=\"_5zk7\" spellcheck=\"false\" data-offset-key=\"58uip-0-0\"><span data-offset-key=\"58uip-0-0\">#datamagna<\/span><\/span> <span class=\"_5zk7\" spellcheck=\"false\" data-offset-key=\"58uip-2-0\"><span data-offset-key=\"58uip-2-0\">#aboli\u00e7\u00e3odosescravos<\/span><\/span><\/div>\n<\/div>\n","protected":false},"excerpt":{"rendered":"<p>25.03 &#8211; Data Magna do Cear\u00e1 &nbsp; A Data Magna do Cear\u00e1 \u00e9 uma data para celebrar a aboli\u00e7\u00e3o dos escravos no Cear\u00e1, marco hist\u00f3rico do nosso estado. &nbsp; A liberdade \u00e9 um direito de todos! &nbsp; #datamagna #aboli\u00e7\u00e3odosescravos<\/p>\n","protected":false},"author":1,"featured_media":9031,"comment_status":"open","ping_status":"open","sticky":false,"template":"","format":"standard","meta":{"_mi_skip_tracking":false,"_monsterinsights_sitenote_active":false,"_monsterinsights_sitenote_note":"","_monsterinsights_sitenote_category":0,"ngg_post_thumbnail":0},"categories":[3],"tags":[593],"_links":{"self":[{"href":"http:\/\/viacaofortaleza.com.br\/index.php\/wp-json\/wp\/v2\/posts\/9030"}],"collection":[{"href":"http:\/\/viacaofortaleza.com.br\/index.php\/wp-json\/wp\/v2\/posts"}],"about":[{"href":"http:\/\/viacaofortaleza.com.br\/index.php\/wp-json\/wp\/v2\/types\/post"}],"author":[{"embeddable":true,"href":"http:\/\/viacaofortaleza.com.br\/index.php\/wp-json\/wp\/v2\/users\/1"}],"replies":[{"embeddable":true,"href":"http:\/\/viacaofortaleza.com.br\/index.php\/wp-json\/wp\/v2\/comments?post=9030"}],"version-history":[{"count":1,"href":"http:\/\/viacaofortaleza.com.br\/index.php\/wp-json\/wp\/v2\/posts\/9030\/revisions"}],"predecessor-version":[{"id":9032,"href":"http:\/\/viacaofortaleza.com.br\/index.php\/wp-json\/wp\/v2\/posts\/9030\/revisions\/9032"}],"wp:featuredmedia":[{"embeddable":true,"href":"http:\/\/viacaofortaleza.com.br\/index.php\/wp-json\/wp\/v2\/media\/9031"}],"wp:attachment":[{"href":"http:\/\/viacaofortaleza.com.br\/index.php\/wp-json\/wp\/v2\/media?parent=9030"}],"wp:term":[{"taxonomy":"category","embeddable":true,"href":"http:\/\/viacaofortaleza.com.br\/index.php\/wp-json\/wp\/v2\/categories?post=9030"},{"taxonomy":"post_tag","embeddable":true,"href":"http:\/\/viacaofortaleza.com.br\/index.php\/wp-json\/wp\/v2\/tags?post=9030"}],"curies":[{"name":"wp","href":"https:\/\/api.w.org\/{rel}","templated":true}]}}