{"id":9033,"date":"2022-03-24T08:00:30","date_gmt":"2022-03-24T11:00:30","guid":{"rendered":"http:\/\/viacaofortaleza.com.br\/?p=9033"},"modified":"2022-03-03T15:08:36","modified_gmt":"2022-03-03T18:08:36","slug":"dia-mundial-de-combate-a-tuberculose","status":"publish","type":"post","link":"http:\/\/viacaofortaleza.com.br\/index.php\/2022\/03\/24\/dia-mundial-de-combate-a-tuberculose\/","title":{"rendered":"Dia Mundial de Combate a Tuberculose"},"content":{"rendered":"<p>24.03 &#8211; Dia Mundial de Combate a Tuberculose<\/p>\n<p>&nbsp;<\/p>\n<p>O que \u00e9?<\/p>\n<p>A tuberculose \u00e9 uma doen\u00e7a infectocontagiosa que afeta principalmente os pulm\u00f5es, mas tamb\u00e9m pode acometer \u00f3rg\u00e3os como ossos, rins e meninges (membranas que envolvem o c\u00e9rebro). Cada paciente com tuberculose pulmonar que n\u00e3o se trata, pode infectar em m\u00e9dia 10 a 15 pessoas por ano.<\/p>\n<p>Sinais e sintomas mais frequentes:<br \/>\n\u2013 tosse seca ou com secre\u00e7\u00e3o por mais de tr\u00eas semanas, podendo evoluir para tosse com pus ou sangue;<br \/>\n\u2013 cansa\u00e7o excessivo e prostra\u00e7\u00e3o;<br \/>\n\u2013 febre baixa geralmente no per\u00edodo da tarde;<br \/>\n\u2013 suor noturno;<br \/>\n\u2013 falta de apetite;<br \/>\n\u2013 emagrecimento acentuado;<br \/>\n\u2013 rouquid\u00e3o.<\/p>\n<p>&nbsp;<\/p>\n<p>Preven\u00e7\u00e3o<\/p>\n<p>A melhor forma de prevenir a transmiss\u00e3o da doen\u00e7a \u00e9 fazer o diagn\u00f3stico precoce e iniciar o tratamento adequado o mais r\u00e1pido poss\u00edvel.<\/p>\n<p>Com 15 dias ap\u00f3s iniciado o tratamento, a pessoa j\u00e1 n\u00e3o transmite mais a doen\u00e7a. O tratamento deve ser feito por um per\u00edodo m\u00ednimo de 6 meses, diariamente e sem nenhuma interrup\u00e7\u00e3o. O tratamento s\u00f3 termina quando o m\u00e9dico confirmar a cura total do paciente.<\/p>\n<p>&nbsp;<\/p>\n<p>Cuide-se!<\/p>\n<p>As pessoas que possuem o sistema imune comprometido por doen\u00e7as ou devido \u00e0 idade, que fumam e\/ou consumem drogas possuem mais chances de serem infectadas pelo bacilo<br \/>\nda tuberculose e desenvolverem a doen\u00e7a.<\/p>\n<p>Caso tenha sinais e sintomas persistentes, procure ajuda m\u00e9dica.<\/p>\n","protected":false},"excerpt":{"rendered":"<p>24.03 &#8211; Dia Mundial de Combate a Tuberculose &nbsp; O que \u00e9? A tuberculose \u00e9 uma doen\u00e7a infectocontagiosa que afeta principalmente os pulm\u00f5es, mas tamb\u00e9m pode acometer \u00f3rg\u00e3os como ossos, rins e meninges (membranas que envolvem o c\u00e9rebro). Cada paciente com tuberculose pulmonar que n\u00e3o se trata, pode infectar em m\u00e9dia 10 a 15 pessoas&hellip; <br \/> <a class=\"read-more\" href=\"http:\/\/viacaofortaleza.com.br\/index.php\/2022\/03\/24\/dia-mundial-de-combate-a-tuberculose\/\">Leia mais<\/a><\/p>\n","protected":false},"author":1,"featured_media":9034,"comment_status":"open","ping_status":"open","sticky":false,"template":"","format":"standard","meta":{"_mi_skip_tracking":false,"_monsterinsights_sitenote_active":false,"_monsterinsights_sitenote_note":"","_monsterinsights_sitenote_category":0,"ngg_post_thumbnail":0},"categories":[3],"tags":[1044],"_links":{"self":[{"href":"http:\/\/viacaofortaleza.com.br\/index.php\/wp-json\/wp\/v2\/posts\/9033"}],"collection":[{"href":"http:\/\/viacaofortaleza.com.br\/index.php\/wp-json\/wp\/v2\/posts"}],"about":[{"href":"http:\/\/viacaofortaleza.com.br\/index.php\/wp-json\/wp\/v2\/types\/post"}],"author":[{"embeddable":true,"href":"http:\/\/viacaofortaleza.com.br\/index.php\/wp-json\/wp\/v2\/users\/1"}],"replies":[{"embeddable":true,"href":"http:\/\/viacaofortaleza.com.br\/index.php\/wp-json\/wp\/v2\/comments?post=9033"}],"version-history":[{"count":1,"href":"http:\/\/viacaofortaleza.com.br\/index.php\/wp-json\/wp\/v2\/posts\/9033\/revisions"}],"predecessor-version":[{"id":9035,"href":"http:\/\/viacaofortaleza.com.br\/index.php\/wp-json\/wp\/v2\/posts\/9033\/revisions\/9035"}],"wp:featuredmedia":[{"embeddable":true,"href":"http:\/\/viacaofortaleza.com.br\/index.php\/wp-json\/wp\/v2\/media\/9034"}],"wp:attachment":[{"href":"http:\/\/viacaofortaleza.com.br\/index.php\/wp-json\/wp\/v2\/media?parent=9033"}],"wp:term":[{"taxonomy":"category","embeddable":true,"href":"http:\/\/viacaofortaleza.com.br\/index.php\/wp-json\/wp\/v2\/categories?post=9033"},{"taxonomy":"post_tag","embeddable":true,"href":"http:\/\/viacaofortaleza.com.br\/index.php\/wp-json\/wp\/v2\/tags?post=9033"}],"curies":[{"name":"wp","href":"https:\/\/api.w.org\/{rel}","templated":true}]}}