{"id":9037,"date":"2022-03-22T08:00:19","date_gmt":"2022-03-22T11:00:19","guid":{"rendered":"http:\/\/viacaofortaleza.com.br\/?p=9037"},"modified":"2022-03-03T16:48:32","modified_gmt":"2022-03-03T19:48:32","slug":"dia-mundial-da-agua-4","status":"publish","type":"post","link":"http:\/\/viacaofortaleza.com.br\/index.php\/2022\/03\/22\/dia-mundial-da-agua-4\/","title":{"rendered":"Dia Mundial da \u00c1gua"},"content":{"rendered":"<div class=\"\" data-block=\"true\" data-editor=\"9hql7\" data-offset-key=\"dhq1h-0-0\">\n<div class=\"_1mf _1mj\" data-offset-key=\"dhq1h-0-0\"><span data-offset-key=\"dhq1h-0-0\">Neste Dia Mundial da \u00c1gua, que tal rever suas atitudes para um consumo consciente e praticar mais a preserva\u00e7\u00e3o?<\/span><\/div>\n<\/div>\n<div class=\"\" data-block=\"true\" data-editor=\"9hql7\" data-offset-key=\"277g7-0-0\">\n<div class=\"_1mf _1mj\" data-offset-key=\"277g7-0-0\"><span data-offset-key=\"277g7-0-0\">&nbsp;<\/span><\/div>\n<\/div>\n<div class=\"\" data-block=\"true\" data-editor=\"9hql7\" data-offset-key=\"i7pl-0-0\">\n<div class=\"_1mf _1mj\" data-offset-key=\"i7pl-0-0\"><span data-offset-key=\"i7pl-0-0\">Por um futuro com mais vida, seja consciente!<\/span><\/div>\n<div data-offset-key=\"i7pl-0-0\">&nbsp;<\/div>\n<\/div>\n<div class=\"_1mf _1mj\" data-offset-key=\"dt9oe-0-0\"><span data-offset-key=\"dt9oe-0-0\">22.03 &#8211; Dia Mundial da \u00c1gua<\/span><\/div>\n<div data-offset-key=\"dt9oe-0-0\">&nbsp;<\/div>\n<div class=\"\" data-block=\"true\" data-editor=\"9hql7\" data-offset-key=\"1dg0-0-0\">\n<div class=\"_1mf _1mj\" data-offset-key=\"1dg0-0-0\"><span class=\"_5zk7\" spellcheck=\"false\" data-offset-key=\"1dg0-0-0\"><span data-offset-key=\"1dg0-0-0\">#\u00e1gua<\/span><\/span> <span class=\"_5zk7\" spellcheck=\"false\" data-offset-key=\"1dg0-2-0\"><span data-offset-key=\"1dg0-2-0\">#consumoconsciente<\/span><\/span> <span class=\"_5zk7\" spellcheck=\"false\" data-offset-key=\"1dg0-4-0\"><span data-offset-key=\"1dg0-4-0\">#vida<\/span><\/span> <span class=\"_5zk7\" spellcheck=\"false\" data-offset-key=\"1dg0-6-0\"><span data-offset-key=\"1dg0-6-0\">#preserva\u00e7\u00e3o<\/span><\/span><\/div>\n<\/div>\n","protected":false},"excerpt":{"rendered":"<p>Neste Dia Mundial da \u00c1gua, que tal rever suas atitudes para um consumo consciente e praticar mais a preserva\u00e7\u00e3o? &nbsp; Por um futuro com mais vida, seja consciente! &nbsp; 22.03 &#8211; Dia Mundial da \u00c1gua &nbsp; #\u00e1gua #consumoconsciente #vida #preserva\u00e7\u00e3o<\/p>\n","protected":false},"author":1,"featured_media":9038,"comment_status":"open","ping_status":"open","sticky":false,"template":"","format":"standard","meta":{"_mi_skip_tracking":false,"_monsterinsights_sitenote_active":false,"_monsterinsights_sitenote_note":"","_monsterinsights_sitenote_category":0,"ngg_post_thumbnail":0},"categories":[3],"tags":[262],"_links":{"self":[{"href":"http:\/\/viacaofortaleza.com.br\/index.php\/wp-json\/wp\/v2\/posts\/9037"}],"collection":[{"href":"http:\/\/viacaofortaleza.com.br\/index.php\/wp-json\/wp\/v2\/posts"}],"about":[{"href":"http:\/\/viacaofortaleza.com.br\/index.php\/wp-json\/wp\/v2\/types\/post"}],"author":[{"embeddable":true,"href":"http:\/\/viacaofortaleza.com.br\/index.php\/wp-json\/wp\/v2\/users\/1"}],"replies":[{"embeddable":true,"href":"http:\/\/viacaofortaleza.com.br\/index.php\/wp-json\/wp\/v2\/comments?post=9037"}],"version-history":[{"count":1,"href":"http:\/\/viacaofortaleza.com.br\/index.php\/wp-json\/wp\/v2\/posts\/9037\/revisions"}],"predecessor-version":[{"id":9039,"href":"http:\/\/viacaofortaleza.com.br\/index.php\/wp-json\/wp\/v2\/posts\/9037\/revisions\/9039"}],"wp:featuredmedia":[{"embeddable":true,"href":"http:\/\/viacaofortaleza.com.br\/index.php\/wp-json\/wp\/v2\/media\/9038"}],"wp:attachment":[{"href":"http:\/\/viacaofortaleza.com.br\/index.php\/wp-json\/wp\/v2\/media?parent=9037"}],"wp:term":[{"taxonomy":"category","embeddable":true,"href":"http:\/\/viacaofortaleza.com.br\/index.php\/wp-json\/wp\/v2\/categories?post=9037"},{"taxonomy":"post_tag","embeddable":true,"href":"http:\/\/viacaofortaleza.com.br\/index.php\/wp-json\/wp\/v2\/tags?post=9037"}],"curies":[{"name":"wp","href":"https:\/\/api.w.org\/{rel}","templated":true}]}}