{"id":9219,"date":"2022-07-08T15:16:30","date_gmt":"2022-07-08T18:16:30","guid":{"rendered":"http:\/\/viacaofortaleza.com.br\/?p=9219"},"modified":"2022-07-08T15:16:33","modified_gmt":"2022-07-08T18:16:33","slug":"premio-da-melhoria-da-qualidade-do-ar-auto-viacao-fortaleza","status":"publish","type":"post","link":"http:\/\/viacaofortaleza.com.br\/index.php\/2022\/07\/08\/premio-da-melhoria-da-qualidade-do-ar-auto-viacao-fortaleza\/","title":{"rendered":"Pr\u00eamio da Melhoria da Qualidade do Ar &#8211; Auto Via\u00e7\u00e3o Fortaleza."},"content":{"rendered":"<p class=\"has-black-color has-text-color\">A Auto Via\u00e7\u00e3o Fortaleza foi premiada na categoria Ouro Inovador, na 19\u00b0 Edi\u00e7\u00e3o do Pr\u00eamio Melhoria da Qualidade do Ar.<\/p>\n<p class=\"has-black-color has-text-color\">O evento ocorreu na noite de ontem (07\/07), e pudemos estar comemorando esta conquista.<\/p>\n<p class=\"has-black-color has-text-color\">Parab\u00e9ns a todos que fazem parte desse time!<\/p>\n<p class=\"has-black-color has-text-color\"> Confira alguns momentos.<\/p>\n<figure class=\"wp-block-image size-large\"><img loading=\"lazy\" width=\"1024\" height=\"1024\" src=\"http:\/\/viacaofortaleza.com.br\/wp-content\/uploads\/2022\/07\/Instagram-post-21-1-1024x1024.png\" alt=\"\" class=\"wp-image-9220\" srcset=\"http:\/\/viacaofortaleza.com.br\/wp-content\/uploads\/2022\/07\/Instagram-post-21-1-1024x1024.png 1024w, http:\/\/viacaofortaleza.com.br\/wp-content\/uploads\/2022\/07\/Instagram-post-21-1-300x300.png 300w, http:\/\/viacaofortaleza.com.br\/wp-content\/uploads\/2022\/07\/Instagram-post-21-1-150x150.png 150w, http:\/\/viacaofortaleza.com.br\/wp-content\/uploads\/2022\/07\/Instagram-post-21-1-768x768.png 768w, http:\/\/viacaofortaleza.com.br\/wp-content\/uploads\/2022\/07\/Instagram-post-21-1.png 1080w\" sizes=\"(max-width: 1024px) 100vw, 1024px\" \/><\/figure>\n<figure class=\"wp-block-image size-large\"><img loading=\"lazy\" width=\"1024\" height=\"1024\" src=\"http:\/\/viacaofortaleza.com.br\/wp-content\/uploads\/2022\/07\/Instagram-post-22-1024x1024.png\" alt=\"\" class=\"wp-image-9221\" srcset=\"http:\/\/viacaofortaleza.com.br\/wp-content\/uploads\/2022\/07\/Instagram-post-22-1024x1024.png 1024w, http:\/\/viacaofortaleza.com.br\/wp-content\/uploads\/2022\/07\/Instagram-post-22-300x300.png 300w, http:\/\/viacaofortaleza.com.br\/wp-content\/uploads\/2022\/07\/Instagram-post-22-150x150.png 150w, http:\/\/viacaofortaleza.com.br\/wp-content\/uploads\/2022\/07\/Instagram-post-22-768x768.png 768w, http:\/\/viacaofortaleza.com.br\/wp-content\/uploads\/2022\/07\/Instagram-post-22.png 1080w\" sizes=\"(max-width: 1024px) 100vw, 1024px\" \/><\/figure>\n<p class=\"has-black-color has-text-color\"><a href=\"https:\/\/www.instagram.com\/explore\/tags\/70anos\/\">#70anos<\/a><a href=\"https:\/\/www.instagram.com\/explore\/tags\/autovia%C3%A7aofortaleza\/\">#autovia\u00e7aofortaleza<\/a><a href=\"https:\/\/www.instagram.com\/explore\/tags\/70anos\/\">#70anos<\/a><a href=\"https:\/\/www.instagram.com\/explore\/tags\/via%C3%A7%C3%A3o\/\">#via\u00e7\u00e3o<\/a><a href=\"https:\/\/www.instagram.com\/explore\/tags\/fortaleza\/\">#fortaleza<\/a><a href=\"https:\/\/www.instagram.com\/explore\/tags\/anivers%C3%A1rio\/\">#anivers\u00e1rio<\/a><a href=\"https:\/\/www.instagram.com\/explore\/tags\/maio\/\">#maio<\/a><a href=\"https:\/\/www.instagram.com\/explore\/tags\/anos\/\">#anos<\/a><a href=\"https:\/\/www.instagram.com\/explore\/tags\/hist%C3%B3ria\/\">#hist\u00f3ria<\/a><a href=\"https:\/\/www.instagram.com\/explore\/tags\/eufa%C3%A7opartedessahist%C3%B3ria\/\">#eufa\u00e7opartedessahist\u00f3ria<\/a><a href=\"https:\/\/www.instagram.com\/explore\/tags\/julho\/\">#julho<\/a><a href=\"https:\/\/www.instagram.com\/explore\/tags\/onibus\/\">#onibus<\/a><a href=\"https:\/\/www.instagram.com\/explore\/tags\/transportecoletivo\/\">#TransporteColetivo<\/a><a href=\"https:\/\/www.instagram.com\/explore\/tags\/transporteurbano\/\">#TransporteUrbano<\/a><a href=\"https:\/\/www.instagram.com\/explore\/tags\/premio\/\">#Premio<\/a><a href=\"https:\/\/www.instagram.com\/explore\/tags\/melhoriadaqualidadedoar\/\">#MelhoriaDaQualidadeDoAr<\/a><a href=\"https:\/\/www.instagram.com\/explore\/tags\/primeirolugar\/\">#PrimeiroLugar<\/a><a href=\"https:\/\/www.instagram.com\/explore\/tags\/ouroinovador\/\">#OuroInovador<\/a><a href=\"https:\/\/www.instagram.com\/explore\/tags\/via%C3%A7aofortaleza\/\">#via\u00e7aofortaleza<\/a><\/p>\n","protected":false},"excerpt":{"rendered":"<p>A Auto Via\u00e7\u00e3o Fortaleza foi premiada na categoria Ouro Inovador, na 19\u00b0 Edi\u00e7\u00e3o do Pr\u00eamio Melhoria da Qualidade do Ar. O evento ocorreu na noite de ontem (07\/07), e pudemos estar comemorando esta conquista. Parab\u00e9ns a todos que fazem parte desse time! Confira alguns momentos. #70anos#autovia\u00e7aofortaleza#70anos#via\u00e7\u00e3o#fortaleza#anivers\u00e1rio#maio#anos#hist\u00f3ria#eufa\u00e7opartedessahist\u00f3ria#julho#onibus#TransporteColetivo#TransporteUrbano#Premio#MelhoriaDaQualidadeDoAr#PrimeiroLugar#OuroInovador#via\u00e7aofortaleza<\/p>\n","protected":false},"author":1,"featured_media":9222,"comment_status":"open","ping_status":"open","sticky":false,"template":"","format":"standard","meta":{"_mi_skip_tracking":false,"_monsterinsights_sitenote_active":false,"_monsterinsights_sitenote_note":"","_monsterinsights_sitenote_category":0,"ngg_post_thumbnail":0},"categories":[8,101,1,568],"tags":[],"_links":{"self":[{"href":"http:\/\/viacaofortaleza.com.br\/index.php\/wp-json\/wp\/v2\/posts\/9219"}],"collection":[{"href":"http:\/\/viacaofortaleza.com.br\/index.php\/wp-json\/wp\/v2\/posts"}],"about":[{"href":"http:\/\/viacaofortaleza.com.br\/index.php\/wp-json\/wp\/v2\/types\/post"}],"author":[{"embeddable":true,"href":"http:\/\/viacaofortaleza.com.br\/index.php\/wp-json\/wp\/v2\/users\/1"}],"replies":[{"embeddable":true,"href":"http:\/\/viacaofortaleza.com.br\/index.php\/wp-json\/wp\/v2\/comments?post=9219"}],"version-history":[{"count":1,"href":"http:\/\/viacaofortaleza.com.br\/index.php\/wp-json\/wp\/v2\/posts\/9219\/revisions"}],"predecessor-version":[{"id":9223,"href":"http:\/\/viacaofortaleza.com.br\/index.php\/wp-json\/wp\/v2\/posts\/9219\/revisions\/9223"}],"wp:featuredmedia":[{"embeddable":true,"href":"http:\/\/viacaofortaleza.com.br\/index.php\/wp-json\/wp\/v2\/media\/9222"}],"wp:attachment":[{"href":"http:\/\/viacaofortaleza.com.br\/index.php\/wp-json\/wp\/v2\/media?parent=9219"}],"wp:term":[{"taxonomy":"category","embeddable":true,"href":"http:\/\/viacaofortaleza.com.br\/index.php\/wp-json\/wp\/v2\/categories?post=9219"},{"taxonomy":"post_tag","embeddable":true,"href":"http:\/\/viacaofortaleza.com.br\/index.php\/wp-json\/wp\/v2\/tags?post=9219"}],"curies":[{"name":"wp","href":"https:\/\/api.w.org\/{rel}","templated":true}]}}