{"id":9246,"date":"2022-07-29T08:30:56","date_gmt":"2022-07-29T11:30:56","guid":{"rendered":"http:\/\/viacaofortaleza.com.br\/?p=9246"},"modified":"2022-07-29T08:30:58","modified_gmt":"2022-07-29T11:30:58","slug":"dia-do-profissional-do-transporte-6","status":"publish","type":"post","link":"http:\/\/viacaofortaleza.com.br\/index.php\/2022\/07\/29\/dia-do-profissional-do-transporte-6\/","title":{"rendered":"Dia do Profissional do Transporte"},"content":{"rendered":"<figure class=\"wp-block-gallery has-nested-images columns-default is-cropped\">\n<figure class=\"wp-block-image size-large\"><img loading=\"lazy\" width=\"1080\" height=\"1080\" data-id=\"9248\"  src=\"http:\/\/viacaofortaleza.com.br\/wp-content\/uploads\/2022\/07\/2.png\" alt=\"\" class=\"wp-image-9248\" srcset=\"http:\/\/viacaofortaleza.com.br\/wp-content\/uploads\/2022\/07\/2.png 1080w, http:\/\/viacaofortaleza.com.br\/wp-content\/uploads\/2022\/07\/2-300x300.png 300w, http:\/\/viacaofortaleza.com.br\/wp-content\/uploads\/2022\/07\/2-1024x1024.png 1024w, http:\/\/viacaofortaleza.com.br\/wp-content\/uploads\/2022\/07\/2-150x150.png 150w, http:\/\/viacaofortaleza.com.br\/wp-content\/uploads\/2022\/07\/2-768x768.png 768w\" sizes=\"(max-width: 1080px) 100vw, 1080px\" \/><\/figure>\n<figure class=\"wp-block-image size-large\"><img loading=\"lazy\" width=\"1080\" height=\"1080\" data-id=\"9249\"  src=\"http:\/\/viacaofortaleza.com.br\/wp-content\/uploads\/2022\/07\/3.png\" alt=\"\" class=\"wp-image-9249\" srcset=\"http:\/\/viacaofortaleza.com.br\/wp-content\/uploads\/2022\/07\/3.png 1080w, http:\/\/viacaofortaleza.com.br\/wp-content\/uploads\/2022\/07\/3-300x300.png 300w, http:\/\/viacaofortaleza.com.br\/wp-content\/uploads\/2022\/07\/3-1024x1024.png 1024w, http:\/\/viacaofortaleza.com.br\/wp-content\/uploads\/2022\/07\/3-150x150.png 150w, http:\/\/viacaofortaleza.com.br\/wp-content\/uploads\/2022\/07\/3-768x768.png 768w\" sizes=\"(max-width: 1080px) 100vw, 1080px\" \/><\/figure>\n<figure class=\"wp-block-image size-large\"><img loading=\"lazy\" width=\"1080\" height=\"1080\" data-id=\"9250\"  src=\"http:\/\/viacaofortaleza.com.br\/wp-content\/uploads\/2022\/07\/4.png\" alt=\"\" class=\"wp-image-9250\" srcset=\"http:\/\/viacaofortaleza.com.br\/wp-content\/uploads\/2022\/07\/4.png 1080w, http:\/\/viacaofortaleza.com.br\/wp-content\/uploads\/2022\/07\/4-300x300.png 300w, http:\/\/viacaofortaleza.com.br\/wp-content\/uploads\/2022\/07\/4-1024x1024.png 1024w, http:\/\/viacaofortaleza.com.br\/wp-content\/uploads\/2022\/07\/4-150x150.png 150w, http:\/\/viacaofortaleza.com.br\/wp-content\/uploads\/2022\/07\/4-768x768.png 768w\" sizes=\"(max-width: 1080px) 100vw, 1080px\" \/><\/figure>\n<figure class=\"wp-block-image size-large\"><img loading=\"lazy\" width=\"1080\" height=\"1080\" data-id=\"9251\"  src=\"http:\/\/viacaofortaleza.com.br\/wp-content\/uploads\/2022\/07\/5.png\" alt=\"\" class=\"wp-image-9251\" srcset=\"http:\/\/viacaofortaleza.com.br\/wp-content\/uploads\/2022\/07\/5.png 1080w, http:\/\/viacaofortaleza.com.br\/wp-content\/uploads\/2022\/07\/5-300x300.png 300w, http:\/\/viacaofortaleza.com.br\/wp-content\/uploads\/2022\/07\/5-1024x1024.png 1024w, http:\/\/viacaofortaleza.com.br\/wp-content\/uploads\/2022\/07\/5-150x150.png 150w, http:\/\/viacaofortaleza.com.br\/wp-content\/uploads\/2022\/07\/5-768x768.png 768w\" sizes=\"(max-width: 1080px) 100vw, 1080px\" \/><\/figure>\n<figure class=\"wp-block-image size-large\"><img loading=\"lazy\" width=\"1080\" height=\"1080\" data-id=\"9252\"  src=\"http:\/\/viacaofortaleza.com.br\/wp-content\/uploads\/2022\/07\/6.png\" alt=\"\" class=\"wp-image-9252\" srcset=\"http:\/\/viacaofortaleza.com.br\/wp-content\/uploads\/2022\/07\/6.png 1080w, http:\/\/viacaofortaleza.com.br\/wp-content\/uploads\/2022\/07\/6-300x300.png 300w, http:\/\/viacaofortaleza.com.br\/wp-content\/uploads\/2022\/07\/6-1024x1024.png 1024w, http:\/\/viacaofortaleza.com.br\/wp-content\/uploads\/2022\/07\/6-150x150.png 150w, http:\/\/viacaofortaleza.com.br\/wp-content\/uploads\/2022\/07\/6-768x768.png 768w\" sizes=\"(max-width: 1080px) 100vw, 1080px\" \/><\/figure>\n<figure class=\"wp-block-image size-large\"><img loading=\"lazy\" width=\"1080\" height=\"1080\" data-id=\"9253\"  src=\"http:\/\/viacaofortaleza.com.br\/wp-content\/uploads\/2022\/07\/7.png\" alt=\"\" class=\"wp-image-9253\" srcset=\"http:\/\/viacaofortaleza.com.br\/wp-content\/uploads\/2022\/07\/7.png 1080w, http:\/\/viacaofortaleza.com.br\/wp-content\/uploads\/2022\/07\/7-300x300.png 300w, http:\/\/viacaofortaleza.com.br\/wp-content\/uploads\/2022\/07\/7-1024x1024.png 1024w, http:\/\/viacaofortaleza.com.br\/wp-content\/uploads\/2022\/07\/7-150x150.png 150w, http:\/\/viacaofortaleza.com.br\/wp-content\/uploads\/2022\/07\/7-768x768.png 768w\" sizes=\"(max-width: 1080px) 100vw, 1080px\" \/><\/figure>\n<figure class=\"wp-block-image size-large\"><img loading=\"lazy\" width=\"1080\" height=\"1080\" data-id=\"9254\"  src=\"http:\/\/viacaofortaleza.com.br\/wp-content\/uploads\/2022\/07\/8.png\" alt=\"\" class=\"wp-image-9254\" srcset=\"http:\/\/viacaofortaleza.com.br\/wp-content\/uploads\/2022\/07\/8.png 1080w, http:\/\/viacaofortaleza.com.br\/wp-content\/uploads\/2022\/07\/8-300x300.png 300w, http:\/\/viacaofortaleza.com.br\/wp-content\/uploads\/2022\/07\/8-1024x1024.png 1024w, http:\/\/viacaofortaleza.com.br\/wp-content\/uploads\/2022\/07\/8-150x150.png 150w, http:\/\/viacaofortaleza.com.br\/wp-content\/uploads\/2022\/07\/8-768x768.png 768w\" sizes=\"(max-width: 1080px) 100vw, 1080px\" \/><\/figure>\n<figure class=\"wp-block-image size-large\"><img loading=\"lazy\" width=\"1080\" height=\"1080\" data-id=\"9255\"  src=\"http:\/\/viacaofortaleza.com.br\/wp-content\/uploads\/2022\/07\/9.png\" alt=\"\" class=\"wp-image-9255\" srcset=\"http:\/\/viacaofortaleza.com.br\/wp-content\/uploads\/2022\/07\/9.png 1080w, http:\/\/viacaofortaleza.com.br\/wp-content\/uploads\/2022\/07\/9-300x300.png 300w, http:\/\/viacaofortaleza.com.br\/wp-content\/uploads\/2022\/07\/9-1024x1024.png 1024w, http:\/\/viacaofortaleza.com.br\/wp-content\/uploads\/2022\/07\/9-150x150.png 150w, http:\/\/viacaofortaleza.com.br\/wp-content\/uploads\/2022\/07\/9-768x768.png 768w\" sizes=\"(max-width: 1080px) 100vw, 1080px\" \/><\/figure>\n<\/figure>\n<p class=\"has-black-color has-text-color has-medium-font-size\">Na \u00faltima segunda, dia 25\/07, realizamos nosso momento de celebra\u00e7\u00e3o ao Dia do Profissional do Transporte. \ud83e\udd73<\/p>\n<p class=\"has-black-color has-text-color has-medium-font-size\">Foi um dia incr\u00edvel, repleto de momentos onde pudemos prestigiar nossos condutores de vidas.<\/p>\n<p class=\"has-black-color has-text-color has-medium-font-size\">Confira ao lado alguns registros!<\/p>\n<p class=\"has-black-color has-text-color has-medium-font-size\">\ud83e\udd1d\ud83c\udffbAproveitamos tamb\u00e9m para agradecer \u00e0 R\u00e1dio Jangadeiro FM (<a href=\"https:\/\/www.instagram.com\/jangadeirofm\/\">@jangadeirofm<\/a>), ao Centerbox Supermercados (<a href=\"https:\/\/www.instagram.com\/centerboxsuper\/\">@centerboxsuper<\/a>) e ao compromisso e empenho de cada um dos nossos parceiros que nos ajudaram a tornar esse momento poss\u00edvel:<\/p>\n<p class=\"has-black-color has-text-color has-medium-font-size\">&#8211;&nbsp;<a href=\"https:\/\/www.instagram.com\/uniasselvioficial\/\">@uniasselvioficial<\/a><br \/>&#8211;&nbsp;<a href=\"https:\/\/www.instagram.com\/odontosystem\/\">@odontosystem<\/a><br \/>&#8211;&nbsp;<a href=\"https:\/\/www.instagram.com\/curso_alternativo\/\">@curso_alternativo<\/a><\/p>\n<p class=\"has-black-color has-text-color has-medium-font-size\"><a href=\"https:\/\/www.instagram.com\/explore\/tags\/autoviacaofortaleza\/\">#autoviacaofortaleza<\/a><a href=\"https:\/\/www.instagram.com\/explore\/tags\/70anos\/\">#70anos<\/a><a href=\"https:\/\/www.instagram.com\/explore\/tags\/via%C3%A7%C3%A3o\/\">#via\u00e7\u00e3o<\/a><a href=\"https:\/\/www.instagram.com\/explore\/tags\/fortaleza\/\">#fortaleza<\/a><a href=\"https:\/\/www.instagram.com\/explore\/tags\/anivers%C3%A1rio\/\">#anivers\u00e1rio<\/a><a href=\"https:\/\/www.instagram.com\/explore\/tags\/julho\/\">#julho<\/a><a href=\"https:\/\/www.instagram.com\/explore\/tags\/70\/\">#70<\/a><a href=\"https:\/\/www.instagram.com\/explore\/tags\/anos\/\">#anos<\/a><a href=\"https:\/\/www.instagram.com\/explore\/tags\/hist%C3%B3ria\/\">#hist\u00f3ria<\/a><br \/><a href=\"https:\/\/www.instagram.com\/explore\/tags\/viacaofortaleza\/\">#viacaofortaleza<\/a><a href=\"https:\/\/www.instagram.com\/explore\/tags\/onibus\/\">#onibus<\/a><br \/><a href=\"https:\/\/www.instagram.com\/explore\/tags\/eufa%C3%A7opartedessahist%C3%B3ria\/\">#eufa\u00e7opartedessahist\u00f3ria<\/a><a href=\"https:\/\/www.instagram.com\/explore\/tags\/motorista\/\">#motorista<\/a><a href=\"https:\/\/www.instagram.com\/explore\/tags\/transporte\/\">#transporte<\/a><a href=\"https:\/\/www.instagram.com\/explore\/tags\/diadoprofissionaldotransporte\/\">#diadoprofissionaldotransporte<\/a><a href=\"https:\/\/www.instagram.com\/explore\/tags\/25dejulho\/\">#25dejulho<\/a><\/p>\n","protected":false},"excerpt":{"rendered":"<p>Na \u00faltima segunda, dia 25\/07, realizamos nosso momento de celebra\u00e7\u00e3o ao Dia do Profissional do Transporte. \ud83e\udd73 Foi um dia incr\u00edvel, repleto de momentos onde pudemos prestigiar nossos condutores de vidas. Confira ao lado alguns registros! \ud83e\udd1d\ud83c\udffbAproveitamos tamb\u00e9m para agradecer \u00e0 R\u00e1dio Jangadeiro FM (@jangadeirofm), ao Centerbox Supermercados (@centerboxsuper) e ao compromisso e empenho de&hellip; <br \/> <a class=\"read-more\" href=\"http:\/\/viacaofortaleza.com.br\/index.php\/2022\/07\/29\/dia-do-profissional-do-transporte-6\/\">Leia mais<\/a><\/p>\n","protected":false},"author":1,"featured_media":9247,"comment_status":"open","ping_status":"open","sticky":false,"template":"","format":"standard","meta":{"_mi_skip_tracking":false,"_monsterinsights_sitenote_active":false,"_monsterinsights_sitenote_note":"","_monsterinsights_sitenote_category":0,"ngg_post_thumbnail":0},"categories":[1],"tags":[],"_links":{"self":[{"href":"http:\/\/viacaofortaleza.com.br\/index.php\/wp-json\/wp\/v2\/posts\/9246"}],"collection":[{"href":"http:\/\/viacaofortaleza.com.br\/index.php\/wp-json\/wp\/v2\/posts"}],"about":[{"href":"http:\/\/viacaofortaleza.com.br\/index.php\/wp-json\/wp\/v2\/types\/post"}],"author":[{"embeddable":true,"href":"http:\/\/viacaofortaleza.com.br\/index.php\/wp-json\/wp\/v2\/users\/1"}],"replies":[{"embeddable":true,"href":"http:\/\/viacaofortaleza.com.br\/index.php\/wp-json\/wp\/v2\/comments?post=9246"}],"version-history":[{"count":1,"href":"http:\/\/viacaofortaleza.com.br\/index.php\/wp-json\/wp\/v2\/posts\/9246\/revisions"}],"predecessor-version":[{"id":9256,"href":"http:\/\/viacaofortaleza.com.br\/index.php\/wp-json\/wp\/v2\/posts\/9246\/revisions\/9256"}],"wp:featuredmedia":[{"embeddable":true,"href":"http:\/\/viacaofortaleza.com.br\/index.php\/wp-json\/wp\/v2\/media\/9247"}],"wp:attachment":[{"href":"http:\/\/viacaofortaleza.com.br\/index.php\/wp-json\/wp\/v2\/media?parent=9246"}],"wp:term":[{"taxonomy":"category","embeddable":true,"href":"http:\/\/viacaofortaleza.com.br\/index.php\/wp-json\/wp\/v2\/categories?post=9246"},{"taxonomy":"post_tag","embeddable":true,"href":"http:\/\/viacaofortaleza.com.br\/index.php\/wp-json\/wp\/v2\/tags?post=9246"}],"curies":[{"name":"wp","href":"https:\/\/api.w.org\/{rel}","templated":true}]}}