{"id":9275,"date":"2022-08-16T08:30:00","date_gmt":"2022-08-16T11:30:00","guid":{"rendered":"http:\/\/viacaofortaleza.com.br\/?p=9275"},"modified":"2022-08-16T08:22:23","modified_gmt":"2022-08-16T11:22:23","slug":"ha-vagas-motorista-jd-15","status":"publish","type":"post","link":"http:\/\/viacaofortaleza.com.br\/index.php\/2022\/08\/16\/ha-vagas-motorista-jd-15\/","title":{"rendered":"H\u00e1 Vagas &#8211; Motorista Jd"},"content":{"rendered":"<p class=\"has-black-color has-text-color\">Quer ser um condutor de vidas da Via\u00e7\u00e3o Fortaleza? Fa\u00e7a parte do nosso time!<\/p>\n<p class=\"has-black-color has-text-color\">Quarta, 17.08, \u00e0s 09h, haver\u00e1 preenchimento de fichas para MOTORISTA JD &#8211; Jornada Diferenciada.<\/p>\n<p class=\"has-black-color has-text-color\">Compare\u00e7a a empresa portando documenta\u00e7\u00e3o completa e Boa Sorte!<\/p>\n<p class=\"has-black-color has-text-color\">\u26a0Informamos que, caso a demanda de candidatos seja alta, aqueles que forem<br \/>selecionados ser\u00e3o redistribu\u00eddos nos demais dias da semana.<\/p>\n<p class=\"has-black-color has-text-color\"><a href=\"https:\/\/www.instagram.com\/explore\/tags\/autoviacaofortaleza\/\">#autoviacaofortaleza<\/a><a href=\"https:\/\/www.instagram.com\/explore\/tags\/70anos\/\">#70anos<\/a><a href=\"https:\/\/www.instagram.com\/explore\/tags\/via%C3%A7%C3%A3o\/\">#via\u00e7\u00e3o<\/a><a href=\"https:\/\/www.instagram.com\/explore\/tags\/fortaleza\/\">#fortaleza<\/a><a href=\"https:\/\/www.instagram.com\/explore\/tags\/anivers%C3%A1rio\/\">#anivers\u00e1rio<\/a><a href=\"https:\/\/www.instagram.com\/explore\/tags\/agosto\/\">#agosto<\/a><a href=\"https:\/\/www.instagram.com\/explore\/tags\/70\/\">#70<\/a><a href=\"https:\/\/www.instagram.com\/explore\/tags\/anos\/\">#anos<\/a><a href=\"https:\/\/www.instagram.com\/explore\/tags\/hist%C3%B3ria\/\">#hist\u00f3ria<\/a><br \/><a href=\"https:\/\/www.instagram.com\/explore\/tags\/viacaofortaleza\/\">#viacaofortaleza<\/a><a href=\"https:\/\/www.instagram.com\/explore\/tags\/onibus\/\">#onibus<\/a><br \/><a href=\"https:\/\/www.instagram.com\/explore\/tags\/eufa%C3%A7opartedessahist%C3%B3ria\/\">#eufa\u00e7opartedessahist\u00f3ria<\/a><a href=\"https:\/\/www.instagram.com\/explore\/tags\/%C3%B4nibus\/\">#\u00f4nibus<\/a><a href=\"https:\/\/www.instagram.com\/explore\/tags\/transporte\/\">#transporte<\/a><a href=\"https:\/\/www.instagram.com\/explore\/tags\/diadoprofissionaldotransporte\/\">#diadoprofissionaldotransporte<\/a><a href=\"https:\/\/www.instagram.com\/explore\/tags\/jd\/\">#jd<\/a><a href=\"https:\/\/www.instagram.com\/explore\/tags\/motorista\/\">#motorista<\/a><a href=\"https:\/\/www.instagram.com\/explore\/tags\/vagas\/\">#vagas<\/a><a href=\"https:\/\/www.instagram.com\/explore\/tags\/vagasce\/\">#vagasce<\/a><a href=\"https:\/\/www.instagram.com\/explore\/tags\/emprego\/\">#emprego<\/a><a href=\"https:\/\/www.instagram.com\/explore\/tags\/ficha\/\">#ficha<\/a><\/p>\n","protected":false},"excerpt":{"rendered":"<p>Quer ser um condutor de vidas da Via\u00e7\u00e3o Fortaleza? Fa\u00e7a parte do nosso time! Quarta, 17.08, \u00e0s 09h, haver\u00e1 preenchimento de fichas para MOTORISTA JD &#8211; Jornada Diferenciada. Compare\u00e7a a empresa portando documenta\u00e7\u00e3o completa e Boa Sorte! \u26a0Informamos que, caso a demanda de candidatos seja alta, aqueles que foremselecionados ser\u00e3o redistribu\u00eddos nos demais dias da&hellip; <br \/> <a class=\"read-more\" href=\"http:\/\/viacaofortaleza.com.br\/index.php\/2022\/08\/16\/ha-vagas-motorista-jd-15\/\">Leia mais<\/a><\/p>\n","protected":false},"author":1,"featured_media":9276,"comment_status":"open","ping_status":"open","sticky":false,"template":"","format":"standard","meta":{"_mi_skip_tracking":false,"_monsterinsights_sitenote_active":false,"_monsterinsights_sitenote_note":"","_monsterinsights_sitenote_category":0,"ngg_post_thumbnail":0},"categories":[216],"tags":[252,831],"_links":{"self":[{"href":"http:\/\/viacaofortaleza.com.br\/index.php\/wp-json\/wp\/v2\/posts\/9275"}],"collection":[{"href":"http:\/\/viacaofortaleza.com.br\/index.php\/wp-json\/wp\/v2\/posts"}],"about":[{"href":"http:\/\/viacaofortaleza.com.br\/index.php\/wp-json\/wp\/v2\/types\/post"}],"author":[{"embeddable":true,"href":"http:\/\/viacaofortaleza.com.br\/index.php\/wp-json\/wp\/v2\/users\/1"}],"replies":[{"embeddable":true,"href":"http:\/\/viacaofortaleza.com.br\/index.php\/wp-json\/wp\/v2\/comments?post=9275"}],"version-history":[{"count":2,"href":"http:\/\/viacaofortaleza.com.br\/index.php\/wp-json\/wp\/v2\/posts\/9275\/revisions"}],"predecessor-version":[{"id":9278,"href":"http:\/\/viacaofortaleza.com.br\/index.php\/wp-json\/wp\/v2\/posts\/9275\/revisions\/9278"}],"wp:featuredmedia":[{"embeddable":true,"href":"http:\/\/viacaofortaleza.com.br\/index.php\/wp-json\/wp\/v2\/media\/9276"}],"wp:attachment":[{"href":"http:\/\/viacaofortaleza.com.br\/index.php\/wp-json\/wp\/v2\/media?parent=9275"}],"wp:term":[{"taxonomy":"category","embeddable":true,"href":"http:\/\/viacaofortaleza.com.br\/index.php\/wp-json\/wp\/v2\/categories?post=9275"},{"taxonomy":"post_tag","embeddable":true,"href":"http:\/\/viacaofortaleza.com.br\/index.php\/wp-json\/wp\/v2\/tags?post=9275"}],"curies":[{"name":"wp","href":"https:\/\/api.w.org\/{rel}","templated":true}]}}