{"id":9297,"date":"2022-08-18T08:28:57","date_gmt":"2022-08-18T11:28:57","guid":{"rendered":"http:\/\/viacaofortaleza.com.br\/?p=9297"},"modified":"2022-08-18T08:28:58","modified_gmt":"2022-08-18T11:28:58","slug":"18-08-dia-do-estagiario","status":"publish","type":"post","link":"http:\/\/viacaofortaleza.com.br\/index.php\/2022\/08\/18\/18-08-dia-do-estagiario\/","title":{"rendered":"18.08 Dia do Estagi\u00e1rio"},"content":{"rendered":"<figure class=\"wp-block-image size-large\"><img loading=\"lazy\" width=\"1024\" height=\"1024\" src=\"http:\/\/viacaofortaleza.com.br\/wp-content\/uploads\/2022\/08\/Estagiario2-1024x1024.png\" alt=\"\" class=\"wp-image-9299\" srcset=\"http:\/\/viacaofortaleza.com.br\/wp-content\/uploads\/2022\/08\/Estagiario2-1024x1024.png 1024w, http:\/\/viacaofortaleza.com.br\/wp-content\/uploads\/2022\/08\/Estagiario2-300x300.png 300w, http:\/\/viacaofortaleza.com.br\/wp-content\/uploads\/2022\/08\/Estagiario2-150x150.png 150w, http:\/\/viacaofortaleza.com.br\/wp-content\/uploads\/2022\/08\/Estagiario2-768x768.png 768w, http:\/\/viacaofortaleza.com.br\/wp-content\/uploads\/2022\/08\/Estagiario2.png 1080w\" sizes=\"(max-width: 1024px) 100vw, 1024px\" \/><\/figure>\n<p class=\"has-black-color has-text-color\">18.08 &#8211; Dia do Estagi\u00e1rio<\/p>\n<p class=\"has-black-color has-text-color\">Feliz dia daqueles que t\u00eam sede de aprender, disposi\u00e7\u00e3o para fazer, vontade de inovar e humildade para ouvir!<\/p>\n<p class=\"has-black-color has-text-color\">Parab\u00e9ns Adria, Kayo, Pedro e Sarah!<\/p>\n<p class=\"has-black-color has-text-color\"><a href=\"https:\/\/www.instagram.com\/explore\/tags\/autoviacaofortaleza\/\">#autoviacaofortaleza<\/a><a href=\"https:\/\/www.instagram.com\/explore\/tags\/70anos\/\">#70anos<\/a><a href=\"https:\/\/www.instagram.com\/explore\/tags\/via%C3%A7%C3%A3o\/\">#via\u00e7\u00e3o<\/a><a href=\"https:\/\/www.instagram.com\/explore\/tags\/fortaleza\/\">#fortaleza<\/a><a href=\"https:\/\/www.instagram.com\/explore\/tags\/anivers%C3%A1rio\/\">#anivers\u00e1rio<\/a><a href=\"https:\/\/www.instagram.com\/explore\/tags\/agosto\/\">#agosto<\/a><a href=\"https:\/\/www.instagram.com\/explore\/tags\/70\/\">#70<\/a><a href=\"https:\/\/www.instagram.com\/explore\/tags\/anos\/\">#anos<\/a><a href=\"https:\/\/www.instagram.com\/explore\/tags\/hist%C3%B3ria\/\">#hist\u00f3ria<\/a><br \/><a href=\"https:\/\/www.instagram.com\/explore\/tags\/viacaofortaleza\/\">#viacaofortaleza<\/a><a href=\"https:\/\/www.instagram.com\/explore\/tags\/onibus\/\">#onibus<\/a><br \/><a href=\"https:\/\/www.instagram.com\/explore\/tags\/eufa%C3%A7opartedessahist%C3%B3ria\/\">#eufa\u00e7opartedessahist\u00f3ria<\/a><a href=\"https:\/\/www.instagram.com\/explore\/tags\/%C3%B4nibus\/\">#\u00f4nibus<\/a><a href=\"https:\/\/www.instagram.com\/explore\/tags\/transporte\/\">#transporte<\/a><a href=\"https:\/\/www.instagram.com\/explore\/tags\/diadoprofissionaldotransporte\/\">#diadoprofissionaldotransporte<\/a><a href=\"https:\/\/www.instagram.com\/explore\/tags\/jd\/\">#jd<\/a><a href=\"https:\/\/www.instagram.com\/explore\/tags\/motorista\/\">#motorista<\/a><a href=\"https:\/\/www.instagram.com\/explore\/tags\/vagas\/\">#vagas<\/a><a href=\"https:\/\/www.instagram.com\/explore\/tags\/vagasce\/\">#vagasce<\/a><a href=\"https:\/\/www.instagram.com\/explore\/tags\/emprego\/\">#emprego<\/a><a href=\"https:\/\/www.instagram.com\/explore\/tags\/ficha\/\">#ficha<\/a><a href=\"https:\/\/www.instagram.com\/explore\/tags\/est%C3%A1gio\/\">#est\u00e1gio<\/a><a href=\"https:\/\/www.instagram.com\/explore\/tags\/estagi%C3%A1rio\/\">#estagi\u00e1rio<\/a><\/p>\n","protected":false},"excerpt":{"rendered":"<p>18.08 &#8211; Dia do Estagi\u00e1rio Feliz dia daqueles que t\u00eam sede de aprender, disposi\u00e7\u00e3o para fazer, vontade de inovar e humildade para ouvir! Parab\u00e9ns Adria, Kayo, Pedro e Sarah! #autoviacaofortaleza#70anos#via\u00e7\u00e3o#fortaleza#anivers\u00e1rio#agosto#70#anos#hist\u00f3ria#viacaofortaleza#onibus#eufa\u00e7opartedessahist\u00f3ria#\u00f4nibus#transporte#diadoprofissionaldotransporte#jd#motorista#vagas#vagasce#emprego#ficha#est\u00e1gio#estagi\u00e1rio<\/p>\n","protected":false},"author":1,"featured_media":9300,"comment_status":"open","ping_status":"open","sticky":false,"template":"","format":"standard","meta":{"_mi_skip_tracking":false,"_monsterinsights_sitenote_active":false,"_monsterinsights_sitenote_note":"","_monsterinsights_sitenote_category":0,"ngg_post_thumbnail":0},"categories":[1],"tags":[],"_links":{"self":[{"href":"http:\/\/viacaofortaleza.com.br\/index.php\/wp-json\/wp\/v2\/posts\/9297"}],"collection":[{"href":"http:\/\/viacaofortaleza.com.br\/index.php\/wp-json\/wp\/v2\/posts"}],"about":[{"href":"http:\/\/viacaofortaleza.com.br\/index.php\/wp-json\/wp\/v2\/types\/post"}],"author":[{"embeddable":true,"href":"http:\/\/viacaofortaleza.com.br\/index.php\/wp-json\/wp\/v2\/users\/1"}],"replies":[{"embeddable":true,"href":"http:\/\/viacaofortaleza.com.br\/index.php\/wp-json\/wp\/v2\/comments?post=9297"}],"version-history":[{"count":1,"href":"http:\/\/viacaofortaleza.com.br\/index.php\/wp-json\/wp\/v2\/posts\/9297\/revisions"}],"predecessor-version":[{"id":9301,"href":"http:\/\/viacaofortaleza.com.br\/index.php\/wp-json\/wp\/v2\/posts\/9297\/revisions\/9301"}],"wp:featuredmedia":[{"embeddable":true,"href":"http:\/\/viacaofortaleza.com.br\/index.php\/wp-json\/wp\/v2\/media\/9300"}],"wp:attachment":[{"href":"http:\/\/viacaofortaleza.com.br\/index.php\/wp-json\/wp\/v2\/media?parent=9297"}],"wp:term":[{"taxonomy":"category","embeddable":true,"href":"http:\/\/viacaofortaleza.com.br\/index.php\/wp-json\/wp\/v2\/categories?post=9297"},{"taxonomy":"post_tag","embeddable":true,"href":"http:\/\/viacaofortaleza.com.br\/index.php\/wp-json\/wp\/v2\/tags?post=9297"}],"curies":[{"name":"wp","href":"https:\/\/api.w.org\/{rel}","templated":true}]}}