{"id":9351,"date":"2022-08-29T15:01:33","date_gmt":"2022-08-29T18:01:33","guid":{"rendered":"http:\/\/viacaofortaleza.com.br\/?p=9351"},"modified":"2022-08-29T15:01:35","modified_gmt":"2022-08-29T18:01:35","slug":"27-08-dia-do-psicologo","status":"publish","type":"post","link":"http:\/\/viacaofortaleza.com.br\/index.php\/2022\/08\/29\/27-08-dia-do-psicologo\/","title":{"rendered":"27.08 Dia do Psic\u00f3logo"},"content":{"rendered":"<figure class=\"wp-block-image size-large\"><img loading=\"lazy\" width=\"1024\" height=\"1024\" src=\"http:\/\/viacaofortaleza.com.br\/wp-content\/uploads\/2022\/08\/Psicologo2-1024x1024.png\" alt=\"\" class=\"wp-image-9353\" srcset=\"http:\/\/viacaofortaleza.com.br\/wp-content\/uploads\/2022\/08\/Psicologo2-1024x1024.png 1024w, http:\/\/viacaofortaleza.com.br\/wp-content\/uploads\/2022\/08\/Psicologo2-300x300.png 300w, http:\/\/viacaofortaleza.com.br\/wp-content\/uploads\/2022\/08\/Psicologo2-150x150.png 150w, http:\/\/viacaofortaleza.com.br\/wp-content\/uploads\/2022\/08\/Psicologo2-768x768.png 768w, http:\/\/viacaofortaleza.com.br\/wp-content\/uploads\/2022\/08\/Psicologo2.png 1080w\" sizes=\"(max-width: 1024px) 100vw, 1024px\" \/><\/figure>\n<p class=\"has-black-color has-text-color\">27.08 Dia do Psic\u00f3logo!<\/p>\n<p class=\"has-black-color has-text-color\">Hoje \u00e9 dia de homenagear aquelas que cuidam do nosso bem mais valioso, as pessoas.<\/p>\n<p class=\"has-black-color has-text-color\">Parab\u00e9ns Izabel e Luana!<\/p>\n<p class=\"has-black-color has-text-color\"><a href=\"https:\/\/www.instagram.com\/explore\/tags\/autoviacaofortaleza\/\">#autoviacaofortaleza<\/a><a href=\"https:\/\/www.instagram.com\/explore\/tags\/70anos\/\">#70anos<\/a><a href=\"https:\/\/www.instagram.com\/explore\/tags\/via%C3%A7%C3%A3o\/\">#via\u00e7\u00e3o<\/a><a href=\"https:\/\/www.instagram.com\/explore\/tags\/fortaleza\/\">#fortaleza<\/a><a href=\"https:\/\/www.instagram.com\/explore\/tags\/anivers%C3%A1rio\/\">#anivers\u00e1rio<\/a><a href=\"https:\/\/www.instagram.com\/explore\/tags\/agosto\/\">#agosto<\/a><a href=\"https:\/\/www.instagram.com\/explore\/tags\/70\/\">#70<\/a><a href=\"https:\/\/www.instagram.com\/explore\/tags\/anos\/\">#anos<\/a><a href=\"https:\/\/www.instagram.com\/explore\/tags\/hist%C3%B3ria\/\">#hist\u00f3ria<\/a><br \/><a href=\"https:\/\/www.instagram.com\/explore\/tags\/viacaofortaleza\/\">#viacaofortaleza<\/a><a href=\"https:\/\/www.instagram.com\/explore\/tags\/onibus\/\">#onibus<\/a><br \/><a href=\"https:\/\/www.instagram.com\/explore\/tags\/eufa%C3%A7opartedessahist%C3%B3ria\/\">#eufa\u00e7opartedessahist\u00f3ria<\/a><a href=\"https:\/\/www.instagram.com\/explore\/tags\/%C3%B4nibus\/\">#\u00f4nibus<\/a><a href=\"https:\/\/www.instagram.com\/explore\/tags\/transporte\/\">#transporte<\/a><a href=\"https:\/\/www.instagram.com\/explore\/tags\/diadoprofissionaldotransporte\/\">#diadoprofissionaldotransporte<\/a><a href=\"https:\/\/www.instagram.com\/explore\/tags\/jd\/\">#jd<\/a><a href=\"https:\/\/www.instagram.com\/explore\/tags\/motorista\/\">#motorista<\/a><a href=\"https:\/\/www.instagram.com\/explore\/tags\/vagas\/\">#vagas<\/a><a href=\"https:\/\/www.instagram.com\/explore\/tags\/vagasce\/\">#vagasce<\/a><a href=\"https:\/\/www.instagram.com\/explore\/tags\/emprego\/\">#emprego<\/a><a href=\"https:\/\/www.instagram.com\/explore\/tags\/ficha\/\">#ficha<\/a><a href=\"https:\/\/www.instagram.com\/explore\/tags\/est%C3%A1gio\/\">#est\u00e1gio<\/a><a href=\"https:\/\/www.instagram.com\/explore\/tags\/estagi%C3%A1rio\/\">#estagi\u00e1rio<\/a><a href=\"https:\/\/www.instagram.com\/explore\/tags\/psicologia\/\">#psicologia<\/a><a href=\"https:\/\/www.instagram.com\/explore\/tags\/psicologo\/\">#psicologo<\/a><a href=\"https:\/\/www.instagram.com\/explore\/tags\/psicologa\/\">#psicologa<\/a><\/p>\n","protected":false},"excerpt":{"rendered":"<p>27.08 Dia do Psic\u00f3logo! Hoje \u00e9 dia de homenagear aquelas que cuidam do nosso bem mais valioso, as pessoas. Parab\u00e9ns Izabel e Luana! #autoviacaofortaleza#70anos#via\u00e7\u00e3o#fortaleza#anivers\u00e1rio#agosto#70#anos#hist\u00f3ria#viacaofortaleza#onibus#eufa\u00e7opartedessahist\u00f3ria#\u00f4nibus#transporte#diadoprofissionaldotransporte#jd#motorista#vagas#vagasce#emprego#ficha#est\u00e1gio#estagi\u00e1rio#psicologia#psicologo#psicologa<\/p>\n","protected":false},"author":1,"featured_media":9352,"comment_status":"open","ping_status":"open","sticky":false,"template":"","format":"standard","meta":{"_mi_skip_tracking":false,"_monsterinsights_sitenote_active":false,"_monsterinsights_sitenote_note":"","_monsterinsights_sitenote_category":0,"ngg_post_thumbnail":0},"categories":[1],"tags":[81],"_links":{"self":[{"href":"http:\/\/viacaofortaleza.com.br\/index.php\/wp-json\/wp\/v2\/posts\/9351"}],"collection":[{"href":"http:\/\/viacaofortaleza.com.br\/index.php\/wp-json\/wp\/v2\/posts"}],"about":[{"href":"http:\/\/viacaofortaleza.com.br\/index.php\/wp-json\/wp\/v2\/types\/post"}],"author":[{"embeddable":true,"href":"http:\/\/viacaofortaleza.com.br\/index.php\/wp-json\/wp\/v2\/users\/1"}],"replies":[{"embeddable":true,"href":"http:\/\/viacaofortaleza.com.br\/index.php\/wp-json\/wp\/v2\/comments?post=9351"}],"version-history":[{"count":1,"href":"http:\/\/viacaofortaleza.com.br\/index.php\/wp-json\/wp\/v2\/posts\/9351\/revisions"}],"predecessor-version":[{"id":9354,"href":"http:\/\/viacaofortaleza.com.br\/index.php\/wp-json\/wp\/v2\/posts\/9351\/revisions\/9354"}],"wp:featuredmedia":[{"embeddable":true,"href":"http:\/\/viacaofortaleza.com.br\/index.php\/wp-json\/wp\/v2\/media\/9352"}],"wp:attachment":[{"href":"http:\/\/viacaofortaleza.com.br\/index.php\/wp-json\/wp\/v2\/media?parent=9351"}],"wp:term":[{"taxonomy":"category","embeddable":true,"href":"http:\/\/viacaofortaleza.com.br\/index.php\/wp-json\/wp\/v2\/categories?post=9351"},{"taxonomy":"post_tag","embeddable":true,"href":"http:\/\/viacaofortaleza.com.br\/index.php\/wp-json\/wp\/v2\/tags?post=9351"}],"curies":[{"name":"wp","href":"https:\/\/api.w.org\/{rel}","templated":true}]}}