{"id":9371,"date":"2022-08-31T15:22:45","date_gmt":"2022-08-31T18:22:45","guid":{"rendered":"http:\/\/viacaofortaleza.com.br\/?p=9371"},"modified":"2022-08-31T15:22:47","modified_gmt":"2022-08-31T18:22:47","slug":"o-adam-chegou","status":"publish","type":"post","link":"http:\/\/viacaofortaleza.com.br\/index.php\/2022\/08\/31\/o-adam-chegou\/","title":{"rendered":"O Adam chegou!"},"content":{"rendered":"<p class=\"has-black-color has-text-color\">Ficamos muito felizes com a chegada do Adam<br \/>\u00e0 fam\u00edlia Fortaleza!<\/p>\n<p class=\"has-black-color has-text-color\">Desejamos muito amor, sa\u00fade, paz e felicidade!<br \/>Parab\u00e9ns!<\/p>\n<p class=\"has-black-color has-text-color\"><a href=\"https:\/\/www.instagram.com\/explore\/tags\/adamchegou\/\">#adamchegou<\/a><a href=\"https:\/\/www.instagram.com\/explore\/tags\/parab%C3%A9ns\/\">#parab\u00e9ns<\/a><a href=\"https:\/\/www.instagram.com\/explore\/tags\/niver\/\">#niver<\/a><a href=\"https:\/\/www.instagram.com\/explore\/tags\/alegria\/\">#alegria<\/a><a href=\"https:\/\/www.instagram.com\/explore\/tags\/70anos\/\">#70anos<\/a><a href=\"https:\/\/www.instagram.com\/explore\/tags\/autovia%C3%A7aofortaleza\/\">#autovia\u00e7aofortaleza<\/a><a href=\"https:\/\/www.instagram.com\/explore\/tags\/70anos\/\">#70anos<\/a><a href=\"https:\/\/www.instagram.com\/explore\/tags\/via%C3%A7%C3%A3o\/\">#via\u00e7\u00e3o<\/a><a href=\"https:\/\/www.instagram.com\/explore\/tags\/fortaleza\/\">#fortaleza<\/a><a href=\"https:\/\/www.instagram.com\/explore\/tags\/anivers%C3%A1rio\/\">#anivers\u00e1rio<\/a><a href=\"https:\/\/www.instagram.com\/explore\/tags\/anos\/\">#anos<\/a><a href=\"https:\/\/www.instagram.com\/explore\/tags\/hist%C3%B3ria\/\">#hist\u00f3ria<\/a><a href=\"https:\/\/www.instagram.com\/explore\/tags\/eufa%C3%A7opartedessahist%C3%B3ria\/\">#eufa\u00e7opartedessahist\u00f3ria<\/a><a href=\"https:\/\/www.instagram.com\/explore\/tags\/agosto\/\">#agosto<\/a><a href=\"https:\/\/www.instagram.com\/explore\/tags\/manuten%C3%A7%C3%A3o\/\">#manuten\u00e7\u00e3o<\/a><a href=\"https:\/\/www.instagram.com\/explore\/tags\/manutencao\/\">#manutencao<\/a><a href=\"https:\/\/www.instagram.com\/explore\/tags\/onibus\/\">#onibus<\/a><a href=\"https:\/\/www.instagram.com\/explore\/tags\/familiafortaleza\/\">#FamiliaFortaleza<\/a>&nbsp;#<a href=\"https:\/\/www.instagram.com\/explore\/tags\/via%C3%A7aofortaleza\/\">#via\u00e7aofortaleza<\/a><\/p>\n","protected":false},"excerpt":{"rendered":"<p>Ficamos muito felizes com a chegada do Adam\u00e0 fam\u00edlia Fortaleza! Desejamos muito amor, sa\u00fade, paz e felicidade!Parab\u00e9ns! #adamchegou#parab\u00e9ns#niver#alegria#70anos#autovia\u00e7aofortaleza#70anos#via\u00e7\u00e3o#fortaleza#anivers\u00e1rio#anos#hist\u00f3ria#eufa\u00e7opartedessahist\u00f3ria#agosto#manuten\u00e7\u00e3o#manutencao#onibus#FamiliaFortaleza&nbsp;##via\u00e7aofortaleza<\/p>\n","protected":false},"author":1,"featured_media":9372,"comment_status":"open","ping_status":"open","sticky":false,"template":"","format":"standard","meta":{"_mi_skip_tracking":false,"_monsterinsights_sitenote_active":false,"_monsterinsights_sitenote_note":"","_monsterinsights_sitenote_category":0,"ngg_post_thumbnail":0},"categories":[100],"tags":[45],"_links":{"self":[{"href":"http:\/\/viacaofortaleza.com.br\/index.php\/wp-json\/wp\/v2\/posts\/9371"}],"collection":[{"href":"http:\/\/viacaofortaleza.com.br\/index.php\/wp-json\/wp\/v2\/posts"}],"about":[{"href":"http:\/\/viacaofortaleza.com.br\/index.php\/wp-json\/wp\/v2\/types\/post"}],"author":[{"embeddable":true,"href":"http:\/\/viacaofortaleza.com.br\/index.php\/wp-json\/wp\/v2\/users\/1"}],"replies":[{"embeddable":true,"href":"http:\/\/viacaofortaleza.com.br\/index.php\/wp-json\/wp\/v2\/comments?post=9371"}],"version-history":[{"count":1,"href":"http:\/\/viacaofortaleza.com.br\/index.php\/wp-json\/wp\/v2\/posts\/9371\/revisions"}],"predecessor-version":[{"id":9373,"href":"http:\/\/viacaofortaleza.com.br\/index.php\/wp-json\/wp\/v2\/posts\/9371\/revisions\/9373"}],"wp:featuredmedia":[{"embeddable":true,"href":"http:\/\/viacaofortaleza.com.br\/index.php\/wp-json\/wp\/v2\/media\/9372"}],"wp:attachment":[{"href":"http:\/\/viacaofortaleza.com.br\/index.php\/wp-json\/wp\/v2\/media?parent=9371"}],"wp:term":[{"taxonomy":"category","embeddable":true,"href":"http:\/\/viacaofortaleza.com.br\/index.php\/wp-json\/wp\/v2\/categories?post=9371"},{"taxonomy":"post_tag","embeddable":true,"href":"http:\/\/viacaofortaleza.com.br\/index.php\/wp-json\/wp\/v2\/tags?post=9371"}],"curies":[{"name":"wp","href":"https:\/\/api.w.org\/{rel}","templated":true}]}}