{"id":9395,"date":"2022-09-20T10:11:22","date_gmt":"2022-09-20T13:11:22","guid":{"rendered":"http:\/\/viacaofortaleza.com.br\/?p=9395"},"modified":"2022-09-20T10:12:40","modified_gmt":"2022-09-20T13:12:40","slug":"blitz-da-sude","status":"publish","type":"post","link":"http:\/\/viacaofortaleza.com.br\/index.php\/2022\/09\/20\/blitz-da-sude\/","title":{"rendered":"Blitz da Sa\u00fade"},"content":{"rendered":"<figure class=\"wp-block-image size-large\"><img loading=\"lazy\" width=\"1024\" height=\"1024\" src=\"http:\/\/viacaofortaleza.com.br\/wp-content\/uploads\/2022\/09\/Blitz-da-Saude-1024x1024.png\" alt=\"\" class=\"wp-image-9396\" srcset=\"http:\/\/viacaofortaleza.com.br\/wp-content\/uploads\/2022\/09\/Blitz-da-Saude-1024x1025.png 1024w, http:\/\/viacaofortaleza.com.br\/wp-content\/uploads\/2022\/09\/Blitz-da-Saude-300x300.png 300w, http:\/\/viacaofortaleza.com.br\/wp-content\/uploads\/2022\/09\/Blitz-da-Saude-150x150.png 150w, http:\/\/viacaofortaleza.com.br\/wp-content\/uploads\/2022\/09\/Blitz-da-Saude-768x768.png 768w, http:\/\/viacaofortaleza.com.br\/wp-content\/uploads\/2022\/09\/Blitz-da-Saude-1536x1536.png 1536w, http:\/\/viacaofortaleza.com.br\/wp-content\/uploads\/2022\/09\/Blitz-da-Saude-1079x1080.png 1079w, http:\/\/viacaofortaleza.com.br\/wp-content\/uploads\/2022\/09\/Blitz-da-Saude.png 1620w\" sizes=\"(max-width: 1024px) 100vw, 1024px\" \/><\/figure>\n<figure class=\"wp-block-image size-full\"><img loading=\"lazy\" width=\"810\" height=\"811\" src=\"http:\/\/viacaofortaleza.com.br\/wp-content\/uploads\/2022\/09\/Blitz-da-Saude2.png\" alt=\"\" class=\"wp-image-9397\" srcset=\"http:\/\/viacaofortaleza.com.br\/wp-content\/uploads\/2022\/09\/Blitz-da-Saude2.png 810w, http:\/\/viacaofortaleza.com.br\/wp-content\/uploads\/2022\/09\/Blitz-da-Saude2-300x300.png 300w, http:\/\/viacaofortaleza.com.br\/wp-content\/uploads\/2022\/09\/Blitz-da-Saude2-150x150.png 150w, http:\/\/viacaofortaleza.com.br\/wp-content\/uploads\/2022\/09\/Blitz-da-Saude2-768x769.png 768w\" sizes=\"(max-width: 810px) 100vw, 810px\" \/><\/figure>\n<figure class=\"wp-block-image size-full\"><img loading=\"lazy\" width=\"811\" height=\"811\" src=\"http:\/\/viacaofortaleza.com.br\/wp-content\/uploads\/2022\/09\/Blitz-da-Saude3.png\" alt=\"\" class=\"wp-image-9398\" srcset=\"http:\/\/viacaofortaleza.com.br\/wp-content\/uploads\/2022\/09\/Blitz-da-Saude3.png 811w, http:\/\/viacaofortaleza.com.br\/wp-content\/uploads\/2022\/09\/Blitz-da-Saude3-300x300.png 300w, http:\/\/viacaofortaleza.com.br\/wp-content\/uploads\/2022\/09\/Blitz-da-Saude3-150x150.png 150w, http:\/\/viacaofortaleza.com.br\/wp-content\/uploads\/2022\/09\/Blitz-da-Saude3-768x768.png 768w\" sizes=\"(max-width: 811px) 100vw, 811px\" \/><\/figure>\n<p class=\"has-black-color has-text-color\">Nossa SIPAT come\u00e7ou com uma manh\u00e3 recheada de autocuidado! \ud83d\ude04<\/p>\n<p class=\"has-black-color has-text-color\">Foi uma manh\u00e3 incr\u00edvel, repleta de momentos de autocuidado, onde pudemos prestigiar nossos colaboradores.<\/p>\n<p class=\"has-black-color has-text-color\">Confira ao lado alguns registros!<\/p>\n<p class=\"has-black-color has-text-color\">\ud83e\udd1d\ud83c\udffbAproveitamos tamb\u00e9m para agradecer o compromisso e empenho de cada um dos nossos parceiros que nos ajudaram a tornar esse momento poss\u00edvel:<\/p>\n<p class=\"has-black-color has-text-color\">&#8211;&nbsp;<a href=\"https:\/\/www.instagram.com\/hapvidasaude\/\">@hapvidasaude<\/a><br \/>&#8211;&nbsp;<a href=\"https:\/\/www.instagram.com\/odontosystem\/\">@odontosystem<\/a><br \/>&#8211;&nbsp;<a href=\"https:\/\/www.instagram.com\/studiorafaellima.rl\/\">@studiorafaellima.rl<\/a><br \/>&#8211;&nbsp;<a href=\"https:\/\/www.instagram.com\/sestsenatfortaleza\/\">@sestsenatfortaleza<\/a><\/p>\n<p class=\"has-black-color has-text-color\">Nossa gratid\u00e3o pela parceria!<\/p>\n<p class=\"has-black-color has-text-color\"><a href=\"https:\/\/www.instagram.com\/explore\/tags\/sipat\/\">#sipat<\/a><a href=\"https:\/\/www.instagram.com\/explore\/tags\/cuidado\/\">#cuidado<\/a><a href=\"https:\/\/www.instagram.com\/explore\/tags\/seguran%C3%A7a\/\">#seguran\u00e7a<\/a><a href=\"https:\/\/www.instagram.com\/explore\/tags\/setembroamarelo\/\">#setembroamarelo<\/a><a href=\"https:\/\/www.instagram.com\/explore\/tags\/setembro\/\">#setembro<\/a><a href=\"https:\/\/www.instagram.com\/explore\/tags\/preven%C3%A7%C3%A3oaosuic%C3%ADdio\/\">#preven\u00e7\u00e3oaosuic\u00eddio<\/a><a href=\"https:\/\/www.instagram.com\/explore\/tags\/combateaosuic%C3%ADdio\/\">#combateaosuic\u00eddio<\/a><a href=\"https:\/\/www.instagram.com\/explore\/tags\/brasil\/\">#brasil<\/a><a href=\"https:\/\/www.instagram.com\/explore\/tags\/7desetembro\/\">#7desetembro<\/a><a href=\"https:\/\/www.instagram.com\/explore\/tags\/autoviacaofortaleza\/\">#autoviacaofortaleza<\/a><a href=\"https:\/\/www.instagram.com\/explore\/tags\/70anos\/\">#70anos<\/a><a href=\"https:\/\/www.instagram.com\/explore\/tags\/via%C3%A7%C3%A3o\/\">#via\u00e7\u00e3o<\/a><a href=\"https:\/\/www.instagram.com\/explore\/tags\/fortaleza\/\">#fortaleza<\/a><a href=\"https:\/\/www.instagram.com\/explore\/tags\/anivers%C3%A1rio\/\">#anivers\u00e1rio<\/a><a href=\"https:\/\/www.instagram.com\/explore\/tags\/agosto\/\">#agosto<\/a><a href=\"https:\/\/www.instagram.com\/explore\/tags\/anos\/\">#anos<\/a><a href=\"https:\/\/www.instagram.com\/explore\/tags\/hist%C3%B3ria\/\">#hist\u00f3ria<\/a><br \/><a href=\"https:\/\/www.instagram.com\/explore\/tags\/viacaofortaleza\/\">#viacaofortaleza<\/a><a href=\"https:\/\/www.instagram.com\/explore\/tags\/onibus\/\">#onibus<\/a><br \/><a href=\"https:\/\/www.instagram.com\/explore\/tags\/eufa%C3%A7opartedessahist%C3%B3ria\/\">#eufa\u00e7opartedessahist\u00f3ria<\/a><a href=\"https:\/\/www.instagram.com\/explore\/tags\/%C3%B4nibus\/\">#\u00f4nibus<\/a><a href=\"https:\/\/www.instagram.com\/explore\/tags\/transporte\/\">#transporte<\/a><\/p>\n","protected":false},"excerpt":{"rendered":"<p>Nossa SIPAT come\u00e7ou com uma manh\u00e3 recheada de autocuidado! \ud83d\ude04 Foi uma manh\u00e3 incr\u00edvel, repleta de momentos de autocuidado, onde pudemos prestigiar nossos colaboradores. Confira ao lado alguns registros! \ud83e\udd1d\ud83c\udffbAproveitamos tamb\u00e9m para agradecer o compromisso e empenho de cada um dos nossos parceiros que nos ajudaram a tornar esse momento poss\u00edvel: &#8211;&nbsp;@hapvidasaude&#8211;&nbsp;@odontosystem&#8211;&nbsp;@studiorafaellima.rl&#8211;&nbsp;@sestsenatfortaleza Nossa gratid\u00e3o pela&hellip; <br \/> <a class=\"read-more\" href=\"http:\/\/viacaofortaleza.com.br\/index.php\/2022\/09\/20\/blitz-da-sude\/\">Leia mais<\/a><\/p>\n","protected":false},"author":1,"featured_media":0,"comment_status":"open","ping_status":"open","sticky":false,"template":"","format":"standard","meta":{"_mi_skip_tracking":false,"_monsterinsights_sitenote_active":false,"_monsterinsights_sitenote_note":"","_monsterinsights_sitenote_category":0,"ngg_post_thumbnail":0},"categories":[8],"tags":[],"_links":{"self":[{"href":"http:\/\/viacaofortaleza.com.br\/index.php\/wp-json\/wp\/v2\/posts\/9395"}],"collection":[{"href":"http:\/\/viacaofortaleza.com.br\/index.php\/wp-json\/wp\/v2\/posts"}],"about":[{"href":"http:\/\/viacaofortaleza.com.br\/index.php\/wp-json\/wp\/v2\/types\/post"}],"author":[{"embeddable":true,"href":"http:\/\/viacaofortaleza.com.br\/index.php\/wp-json\/wp\/v2\/users\/1"}],"replies":[{"embeddable":true,"href":"http:\/\/viacaofortaleza.com.br\/index.php\/wp-json\/wp\/v2\/comments?post=9395"}],"version-history":[{"count":2,"href":"http:\/\/viacaofortaleza.com.br\/index.php\/wp-json\/wp\/v2\/posts\/9395\/revisions"}],"predecessor-version":[{"id":9400,"href":"http:\/\/viacaofortaleza.com.br\/index.php\/wp-json\/wp\/v2\/posts\/9395\/revisions\/9400"}],"wp:attachment":[{"href":"http:\/\/viacaofortaleza.com.br\/index.php\/wp-json\/wp\/v2\/media?parent=9395"}],"wp:term":[{"taxonomy":"category","embeddable":true,"href":"http:\/\/viacaofortaleza.com.br\/index.php\/wp-json\/wp\/v2\/categories?post=9395"},{"taxonomy":"post_tag","embeddable":true,"href":"http:\/\/viacaofortaleza.com.br\/index.php\/wp-json\/wp\/v2\/tags?post=9395"}],"curies":[{"name":"wp","href":"https:\/\/api.w.org\/{rel}","templated":true}]}}