{"id":9497,"date":"2022-11-07T08:54:17","date_gmt":"2022-11-07T11:54:17","guid":{"rendered":"http:\/\/viacaofortaleza.com.br\/?p=9497"},"modified":"2022-11-07T13:19:15","modified_gmt":"2022-11-07T16:19:15","slug":"ha-vagas-motorista-jd-21","status":"publish","type":"post","link":"http:\/\/viacaofortaleza.com.br\/index.php\/2022\/11\/07\/ha-vagas-motorista-jd-21\/","title":{"rendered":"H\u00e1 Vagas &#8211; Motorista JD"},"content":{"rendered":"<p>\ud83e\udd1dQuer ser um condutor de vidas da Via\u00e7\u00e3o Fortaleza?<br \/>Fa\u00e7a parte do nosso time!<\/p>\n<p>\ud83d\udcc6 Ter\u00e7a, 08.11, \u00e0s 14:30h e Quarta, 09.11, \u00e0s 09h, haver\u00e1 preenchimento de fichas para MOTORISTA JD &#8211; Jornada Diferenciada.<br \/>Compare\u00e7a a empresa portando documenta\u00e7\u00e3o completa e Boa Sorte!<\/p>\n<p>\u26a0Informamos que, caso a demanda de candidatos seja alta, aqueles que forem<br \/>selecionados ser\u00e3o redistribu\u00eddos nos demais dias da semana.<\/p>\n<p><a href=\"https:\/\/www.instagram.com\/explore\/tags\/sejabemvindos\/\">#sejabemvindos<\/a><a href=\"https:\/\/www.instagram.com\/explore\/tags\/fam%C3%ADliafortaleza\/\">#fam\u00edliafortaleza<\/a><a href=\"https:\/\/www.instagram.com\/explore\/tags\/viacaofortaleza\/\">#viacaofortaleza<\/a><a href=\"https:\/\/www.instagram.com\/explore\/tags\/motoristas\/\">#motoristas<\/a><a href=\"https:\/\/www.instagram.com\/explore\/tags\/sejabemvindos\/\">#sejabemvindos<\/a><a href=\"https:\/\/www.instagram.com\/explore\/tags\/fam%C3%ADliafortaleza\/\">#fam\u00edliafortaleza<\/a><a href=\"https:\/\/www.instagram.com\/explore\/tags\/viacaofortaleza\/\">#viacaofortaleza<\/a><a href=\"https:\/\/www.instagram.com\/explore\/tags\/motoristajd\/\">#motoristajd<\/a><a href=\"https:\/\/www.instagram.com\/explore\/tags\/jdmotorista\/\">#jdmotorista<\/a><a href=\"https:\/\/www.instagram.com\/explore\/tags\/ficha\/\">#ficha<\/a><a href=\"https:\/\/www.instagram.com\/explore\/tags\/fortaleza\/\">#fortaleza<\/a><a href=\"https:\/\/www.instagram.com\/explore\/tags\/via%C3%A7%C3%A3o\/\">#via\u00e7\u00e3o<\/a><a href=\"https:\/\/www.instagram.com\/explore\/tags\/70anos\/\">#70anos<\/a><a href=\"https:\/\/www.instagram.com\/explore\/tags\/via%C3%A7%C3%A3ofortaleza\/\">#via\u00e7\u00e3ofortaleza<\/a><a href=\"https:\/\/www.instagram.com\/explore\/tags\/via%C3%A7%C3%A3o\/\">#via\u00e7\u00e3o<\/a><a href=\"https:\/\/www.instagram.com\/explore\/tags\/fortaleza\/\">#fortaleza<\/a><a href=\"https:\/\/www.instagram.com\/explore\/tags\/emprego\/\">#emprego<\/a><a href=\"https:\/\/www.instagram.com\/explore\/tags\/vagas\/\">#vagas<\/a><a href=\"https:\/\/www.instagram.com\/explore\/tags\/motorista\/\">#motorista<\/a><a href=\"https:\/\/www.instagram.com\/explore\/tags\/%C3%B4nibus\/\">#\u00f4nibus<\/a><a href=\"https:\/\/www.instagram.com\/explore\/tags\/vagasce\/\">#vagasce<\/a><a href=\"https:\/\/www.instagram.com\/explore\/tags\/vagasfortaleza\/\">#vagasfortaleza<\/a><\/p>\n","protected":false},"excerpt":{"rendered":"<p>\ud83e\udd1dQuer ser um condutor de vidas da Via\u00e7\u00e3o Fortaleza?Fa\u00e7a parte do nosso time! \ud83d\udcc6 Ter\u00e7a, 08.11, \u00e0s 14:30h e Quarta, 09.11, \u00e0s 09h, haver\u00e1 preenchimento de fichas para MOTORISTA JD &#8211; Jornada Diferenciada.Compare\u00e7a a empresa portando documenta\u00e7\u00e3o completa e Boa Sorte! \u26a0Informamos que, caso a demanda de candidatos seja alta, aqueles que foremselecionados ser\u00e3o redistribu\u00eddos&hellip; <br \/> <a class=\"read-more\" href=\"http:\/\/viacaofortaleza.com.br\/index.php\/2022\/11\/07\/ha-vagas-motorista-jd-21\/\">Leia mais<\/a><\/p>\n","protected":false},"author":1,"featured_media":9500,"comment_status":"open","ping_status":"open","sticky":false,"template":"","format":"standard","meta":{"_mi_skip_tracking":false,"_monsterinsights_sitenote_active":false,"_monsterinsights_sitenote_note":"","_monsterinsights_sitenote_category":0,"ngg_post_thumbnail":0},"categories":[216],"tags":[252],"_links":{"self":[{"href":"http:\/\/viacaofortaleza.com.br\/index.php\/wp-json\/wp\/v2\/posts\/9497"}],"collection":[{"href":"http:\/\/viacaofortaleza.com.br\/index.php\/wp-json\/wp\/v2\/posts"}],"about":[{"href":"http:\/\/viacaofortaleza.com.br\/index.php\/wp-json\/wp\/v2\/types\/post"}],"author":[{"embeddable":true,"href":"http:\/\/viacaofortaleza.com.br\/index.php\/wp-json\/wp\/v2\/users\/1"}],"replies":[{"embeddable":true,"href":"http:\/\/viacaofortaleza.com.br\/index.php\/wp-json\/wp\/v2\/comments?post=9497"}],"version-history":[{"count":1,"href":"http:\/\/viacaofortaleza.com.br\/index.php\/wp-json\/wp\/v2\/posts\/9497\/revisions"}],"predecessor-version":[{"id":9499,"href":"http:\/\/viacaofortaleza.com.br\/index.php\/wp-json\/wp\/v2\/posts\/9497\/revisions\/9499"}],"wp:featuredmedia":[{"embeddable":true,"href":"http:\/\/viacaofortaleza.com.br\/index.php\/wp-json\/wp\/v2\/media\/9500"}],"wp:attachment":[{"href":"http:\/\/viacaofortaleza.com.br\/index.php\/wp-json\/wp\/v2\/media?parent=9497"}],"wp:term":[{"taxonomy":"category","embeddable":true,"href":"http:\/\/viacaofortaleza.com.br\/index.php\/wp-json\/wp\/v2\/categories?post=9497"},{"taxonomy":"post_tag","embeddable":true,"href":"http:\/\/viacaofortaleza.com.br\/index.php\/wp-json\/wp\/v2\/tags?post=9497"}],"curies":[{"name":"wp","href":"https:\/\/api.w.org\/{rel}","templated":true}]}}