{"id":9517,"date":"2022-11-25T15:21:00","date_gmt":"2022-11-25T18:21:00","guid":{"rendered":"http:\/\/viacaofortaleza.com.br\/?p=9517"},"modified":"2022-11-25T15:21:02","modified_gmt":"2022-11-25T18:21:02","slug":"programacao-onibus-iluminado","status":"publish","type":"post","link":"http:\/\/viacaofortaleza.com.br\/index.php\/2022\/11\/25\/programacao-onibus-iluminado\/","title":{"rendered":"Programa\u00e7\u00e3o \u00d4NIBUS ILUMINADO"},"content":{"rendered":"<figure class=\"wp-block-image size-large\"><img loading=\"lazy\" width=\"819\" height=\"1024\" src=\"http:\/\/viacaofortaleza.com.br\/wp-content\/uploads\/2022\/11\/OnibusIluminado2-819x1024.png\" alt=\"\" class=\"wp-image-9519\" srcset=\"http:\/\/viacaofortaleza.com.br\/wp-content\/uploads\/2022\/11\/OnibusIluminado2-819x1024.png 819w, http:\/\/viacaofortaleza.com.br\/wp-content\/uploads\/2022\/11\/OnibusIluminado2-240x300.png 240w, http:\/\/viacaofortaleza.com.br\/wp-content\/uploads\/2022\/11\/OnibusIluminado2-768x960.png 768w, http:\/\/viacaofortaleza.com.br\/wp-content\/uploads\/2022\/11\/OnibusIluminado2-1229x1536.png 1229w, http:\/\/viacaofortaleza.com.br\/wp-content\/uploads\/2022\/11\/OnibusIluminado2-1024x1280.png 1024w, http:\/\/viacaofortaleza.com.br\/wp-content\/uploads\/2022\/11\/OnibusIluminado2-864x1080.png 864w, http:\/\/viacaofortaleza.com.br\/wp-content\/uploads\/2022\/11\/OnibusIluminado2.png 1621w\" sizes=\"(max-width: 819px) 100vw, 819px\" \/><\/figure>\n<figure class=\"wp-block-image size-large\"><img loading=\"lazy\" width=\"819\" height=\"1024\" src=\"http:\/\/viacaofortaleza.com.br\/wp-content\/uploads\/2022\/11\/Frame-495-819x1024.png\" alt=\"\" class=\"wp-image-9520\" srcset=\"http:\/\/viacaofortaleza.com.br\/wp-content\/uploads\/2022\/11\/Frame-495-819x1024.png 819w, http:\/\/viacaofortaleza.com.br\/wp-content\/uploads\/2022\/11\/Frame-495-240x300.png 240w, http:\/\/viacaofortaleza.com.br\/wp-content\/uploads\/2022\/11\/Frame-495-768x960.png 768w, http:\/\/viacaofortaleza.com.br\/wp-content\/uploads\/2022\/11\/Frame-495-1024x1280.png 1024w, http:\/\/viacaofortaleza.com.br\/wp-content\/uploads\/2022\/11\/Frame-495-864x1080.png 864w, http:\/\/viacaofortaleza.com.br\/wp-content\/uploads\/2022\/11\/Frame-495.png 1080w\" sizes=\"(max-width: 819px) 100vw, 819px\" \/><\/figure>\n<p class=\"has-black-color has-text-color\">O natal est\u00e1 chegando!<\/p>\n<p class=\"has-black-color has-text-color\">Natal \u00e9 tempo de espalhar amor e alegria. Embarque na magia e confira ao lado a programa\u00e7\u00e3o do nosso \u00d4nibus Iluminado:<\/p>\n<p class=\"has-black-color has-text-color\">029 &#8211; PARANGABA\/N\u00c1UTICO<br \/>Dias 28, 29 e 30 de Novembro.<br \/>Dias 01, 02, 03 e 04 de Dezembro.<\/p>\n<p class=\"has-black-color has-text-color\">315 &#8211; MESSEJANA\/PARANGABA<br \/>Dias 05, 06, 07, 08, 09, 10 e 11 de Dezembro.<\/p>\n<p class=\"has-black-color has-text-color\">038 &#8211; PARANGABA\/PAPICU<br \/>Dias 12, 13, 14, 15, 16, 17 e 18 de Dezembro.<\/p>\n<p class=\"has-black-color has-text-color\">601 &#8211; AEROL\u00c2NDIA\/CENTRO<br \/>Dia 19 de Dezembro.<\/p>\n<p class=\"has-black-color has-text-color\">604 &#8211; DIAS MACEDO\/CENTRO<br \/>Dia 20 de Dezembro.<\/p>\n<p class=\"has-black-color has-text-color\">612 &#8211; CJ TANCREDO NEVES\/CENTRO<br \/>Dia 21 de Dezembro.<\/p>\n<p class=\"has-black-color has-text-color\">613 &#8211; BARROSO\/JARDIM VIOLETA\/CENTRO<br \/>Dia 22 de Dezembro.<\/p>\n<p class=\"has-black-color has-text-color\">825 &#8211; CIDADE FUNC\/PAPICU\/JARDIM DAS OLIVEIRAS<br \/>Dia 23 de Dezembro.<\/p>\n<p class=\"has-black-color has-text-color\">038 &#8211; PARANGABA\/PAPICU<br \/>Dias 24 e 25 de Dezembro.<\/p>\n<p class=\"has-black-color has-text-color\">815 &#8211; MESSEJANA\/PAPICU\/CJ TANCREDO NEVES<br \/>Dias 26, 27, 28, 29, 30 e 31 de Dezembro.<\/p>\n<p class=\"has-black-color has-text-color\">Embarque na magia natalina conosco!<\/p>\n<p class=\"has-black-color has-text-color\"><a href=\"https:\/\/www.instagram.com\/explore\/tags\/dezembro\/\">#dezembro<\/a><a href=\"https:\/\/www.instagram.com\/explore\/tags\/natal\/\">#natal<\/a><a href=\"https:\/\/www.instagram.com\/explore\/tags\/merrychristmas\/\">#merrychristmas<\/a><a href=\"https:\/\/www.instagram.com\/explore\/tags\/viacaofortaleza\/\">#viacaofortaleza<\/a><a href=\"https:\/\/www.instagram.com\/explore\/tags\/autocuidado\/\">#autocuidado<\/a><a href=\"https:\/\/www.instagram.com\/explore\/tags\/cuidado\/\">#cuidado<\/a><a href=\"https:\/\/www.instagram.com\/explore\/tags\/via%C3%A7%C3%A3o\/\">#via\u00e7\u00e3o<\/a><a href=\"https:\/\/www.instagram.com\/explore\/tags\/fortaleza\/\">#fortaleza<\/a><a href=\"https:\/\/www.instagram.com\/explore\/tags\/autoviacaofortaleza\/\">#autoviacaofortaleza<\/a><a href=\"https:\/\/www.instagram.com\/explore\/tags\/70anos\/\">#70anos<\/a><a href=\"https:\/\/www.instagram.com\/explore\/tags\/via%C3%A7%C3%A3o\/\">#via\u00e7\u00e3o<\/a><a href=\"https:\/\/www.instagram.com\/explore\/tags\/fortaleza\/\">#fortaleza<\/a><a href=\"https:\/\/www.instagram.com\/explore\/tags\/hist%C3%B3ria\/\">#hist\u00f3ria<\/a><a href=\"https:\/\/www.instagram.com\/explore\/tags\/natal\/\">#natal<\/a><a href=\"https:\/\/www.instagram.com\/explore\/tags\/natalino\/\">#natalino<\/a><a href=\"https:\/\/www.instagram.com\/explore\/tags\/onibus\/\">#onibus<\/a><br \/><a href=\"https:\/\/www.instagram.com\/explore\/tags\/viacaofortaleza\/\">#viacaofortaleza<\/a><a href=\"https:\/\/www.instagram.com\/explore\/tags\/onibusiluminado\/\">#onibusiluminado<\/a><a href=\"https:\/\/www.instagram.com\/explore\/tags\/%C3%B5nibusnatal\/\">#\u00f5nibusnatal<\/a><br \/><a href=\"https:\/\/www.instagram.com\/explore\/tags\/eufa%C3%A7opartedessahist%C3%B3ria\/\">#eufa\u00e7opartedessahist\u00f3ria<\/a><a href=\"https:\/\/www.instagram.com\/explore\/tags\/%C3%B4nibus\/\">#\u00f4nibus<\/a><a href=\"https:\/\/www.instagram.com\/explore\/tags\/transporte\/\">#transporte<\/a><\/p>\n","protected":false},"excerpt":{"rendered":"<p>O natal est\u00e1 chegando! Natal \u00e9 tempo de espalhar amor e alegria. Embarque na magia e confira ao lado a programa\u00e7\u00e3o do nosso \u00d4nibus Iluminado: 029 &#8211; PARANGABA\/N\u00c1UTICODias 28, 29 e 30 de Novembro.Dias 01, 02, 03 e 04 de Dezembro. 315 &#8211; MESSEJANA\/PARANGABADias 05, 06, 07, 08, 09, 10 e 11 de Dezembro. 038&hellip; <br \/> <a class=\"read-more\" href=\"http:\/\/viacaofortaleza.com.br\/index.php\/2022\/11\/25\/programacao-onibus-iluminado\/\">Leia mais<\/a><\/p>\n","protected":false},"author":1,"featured_media":9518,"comment_status":"open","ping_status":"open","sticky":false,"template":"","format":"standard","meta":{"_mi_skip_tracking":false,"_monsterinsights_sitenote_active":false,"_monsterinsights_sitenote_note":"","_monsterinsights_sitenote_category":0,"ngg_post_thumbnail":0},"categories":[8,1050],"tags":[548,545],"_links":{"self":[{"href":"http:\/\/viacaofortaleza.com.br\/index.php\/wp-json\/wp\/v2\/posts\/9517"}],"collection":[{"href":"http:\/\/viacaofortaleza.com.br\/index.php\/wp-json\/wp\/v2\/posts"}],"about":[{"href":"http:\/\/viacaofortaleza.com.br\/index.php\/wp-json\/wp\/v2\/types\/post"}],"author":[{"embeddable":true,"href":"http:\/\/viacaofortaleza.com.br\/index.php\/wp-json\/wp\/v2\/users\/1"}],"replies":[{"embeddable":true,"href":"http:\/\/viacaofortaleza.com.br\/index.php\/wp-json\/wp\/v2\/comments?post=9517"}],"version-history":[{"count":2,"href":"http:\/\/viacaofortaleza.com.br\/index.php\/wp-json\/wp\/v2\/posts\/9517\/revisions"}],"predecessor-version":[{"id":9522,"href":"http:\/\/viacaofortaleza.com.br\/index.php\/wp-json\/wp\/v2\/posts\/9517\/revisions\/9522"}],"wp:featuredmedia":[{"embeddable":true,"href":"http:\/\/viacaofortaleza.com.br\/index.php\/wp-json\/wp\/v2\/media\/9518"}],"wp:attachment":[{"href":"http:\/\/viacaofortaleza.com.br\/index.php\/wp-json\/wp\/v2\/media?parent=9517"}],"wp:term":[{"taxonomy":"category","embeddable":true,"href":"http:\/\/viacaofortaleza.com.br\/index.php\/wp-json\/wp\/v2\/categories?post=9517"},{"taxonomy":"post_tag","embeddable":true,"href":"http:\/\/viacaofortaleza.com.br\/index.php\/wp-json\/wp\/v2\/tags?post=9517"}],"curies":[{"name":"wp","href":"https:\/\/api.w.org\/{rel}","templated":true}]}}