{"id":9533,"date":"2022-12-01T10:33:45","date_gmt":"2022-12-01T13:33:45","guid":{"rendered":"http:\/\/viacaofortaleza.com.br\/?p=9533"},"modified":"2022-12-01T10:33:47","modified_gmt":"2022-12-01T13:33:47","slug":"acompanhamento-de-1-ano-novembro-2022","status":"publish","type":"post","link":"http:\/\/viacaofortaleza.com.br\/index.php\/2022\/12\/01\/acompanhamento-de-1-ano-novembro-2022\/","title":{"rendered":"Acompanhamento de 1 ano &#8211; Novembro 2022"},"content":{"rendered":"<figure class=\"wp-block-image size-large\"><img loading=\"lazy\" width=\"1024\" height=\"1024\" src=\"http:\/\/viacaofortaleza.com.br\/wp-content\/uploads\/2022\/12\/Frame-40-1024x1024.png\" alt=\"\" class=\"wp-image-9535\" srcset=\"http:\/\/viacaofortaleza.com.br\/wp-content\/uploads\/2022\/12\/Frame-40-1024x1024.png 1024w, http:\/\/viacaofortaleza.com.br\/wp-content\/uploads\/2022\/12\/Frame-40-300x300.png 300w, http:\/\/viacaofortaleza.com.br\/wp-content\/uploads\/2022\/12\/Frame-40-150x150.png 150w, http:\/\/viacaofortaleza.com.br\/wp-content\/uploads\/2022\/12\/Frame-40-768x768.png 768w, http:\/\/viacaofortaleza.com.br\/wp-content\/uploads\/2022\/12\/Frame-40.png 1080w\" sizes=\"(max-width: 1024px) 100vw, 1024px\" \/><\/figure>\n<figure class=\"wp-block-image size-large\"><img loading=\"lazy\" width=\"1024\" height=\"1024\" src=\"http:\/\/viacaofortaleza.com.br\/wp-content\/uploads\/2022\/12\/Frame-41-1024x1024.png\" alt=\"\" class=\"wp-image-9536\" srcset=\"http:\/\/viacaofortaleza.com.br\/wp-content\/uploads\/2022\/12\/Frame-41-1024x1024.png 1024w, http:\/\/viacaofortaleza.com.br\/wp-content\/uploads\/2022\/12\/Frame-41-300x300.png 300w, http:\/\/viacaofortaleza.com.br\/wp-content\/uploads\/2022\/12\/Frame-41-150x150.png 150w, http:\/\/viacaofortaleza.com.br\/wp-content\/uploads\/2022\/12\/Frame-41-768x768.png 768w, http:\/\/viacaofortaleza.com.br\/wp-content\/uploads\/2022\/12\/Frame-41.png 1080w\" sizes=\"(max-width: 1024px) 100vw, 1024px\" \/><\/figure>\n<p class=\"has-black-color has-text-color\">N\u00f3s ficamos muito felizes por nos reunirmos para relembrar momentos e celebrar o primeiro ano de empenho e dedica\u00e7\u00e3o de cada um de voc\u00eas com a Via\u00e7\u00e3o Fortaleza.<\/p>\n<p class=\"has-black-color has-text-color\">Nossa gratid\u00e3o por ter voc\u00eas conosco!<\/p>\n<p class=\"has-black-color has-text-color\"><a href=\"https:\/\/www.instagram.com\/explore\/tags\/sejabemvindos\/\">#sejabemvindos<\/a><a href=\"https:\/\/www.instagram.com\/explore\/tags\/fam%C3%ADliafortaleza\/\">#fam\u00edliafortaleza<\/a><a href=\"https:\/\/www.instagram.com\/explore\/tags\/viacaofortaleza\/\">#viacaofortaleza<\/a><a href=\"https:\/\/www.instagram.com\/explore\/tags\/aprendiz\/\">#aprendiz<\/a><a href=\"https:\/\/www.instagram.com\/explore\/tags\/jovem\/\">#jovem<\/a><a href=\"https:\/\/www.instagram.com\/explore\/tags\/jovemaprendiz\/\">#jovemaprendiz<\/a><a href=\"https:\/\/www.instagram.com\/explore\/tags\/fortaleza\/\">#fortaleza<\/a><a href=\"https:\/\/www.instagram.com\/explore\/tags\/via%C3%A7%C3%A3o\/\">#via\u00e7\u00e3o<\/a><a href=\"https:\/\/www.instagram.com\/explore\/tags\/70anos\/\">#70anos<\/a><a href=\"https:\/\/www.instagram.com\/explore\/tags\/via%C3%A7%C3%A3ofortaleza\/\">#via\u00e7\u00e3ofortaleza<\/a><a href=\"https:\/\/www.instagram.com\/explore\/tags\/via%C3%A7%C3%A3o\/\">#via\u00e7\u00e3o<\/a><a href=\"https:\/\/www.instagram.com\/explore\/tags\/fortaleza\/\">#fortaleza<\/a><a href=\"https:\/\/www.instagram.com\/explore\/tags\/emprego\/\">#emprego<\/a><a href=\"https:\/\/www.instagram.com\/explore\/tags\/vagas\/\">#vagas<\/a><a href=\"https:\/\/www.instagram.com\/explore\/tags\/motorista\/\">#motorista<\/a><a href=\"https:\/\/www.instagram.com\/explore\/tags\/%C3%B4nibus\/\">#\u00f4nibus<\/a><a href=\"https:\/\/www.instagram.com\/explore\/tags\/vagasce\/\">#vagasce<\/a><a href=\"https:\/\/www.instagram.com\/explore\/tags\/vagasfortaleza\/\">#vagasfortaleza<\/a><a href=\"https:\/\/www.instagram.com\/explore\/tags\/acompanhamento\/\">#acompanhamento<\/a><a href=\"https:\/\/www.instagram.com\/explore\/tags\/6meses\/\">#6meses<\/a><a href=\"https:\/\/www.instagram.com\/explore\/tags\/1ano\/\">#1ano<\/a><a href=\"https:\/\/www.instagram.com\/explore\/tags\/umano\/\">#umano<\/a><a href=\"https:\/\/www.instagram.com\/explore\/tags\/ano\/\">#ano<\/a><a href=\"https:\/\/www.instagram.com\/explore\/tags\/semestre\/\">#semestre<\/a><\/p>\n","protected":false},"excerpt":{"rendered":"<p>N\u00f3s ficamos muito felizes por nos reunirmos para relembrar momentos e celebrar o primeiro ano de empenho e dedica\u00e7\u00e3o de cada um de voc\u00eas com a Via\u00e7\u00e3o Fortaleza. Nossa gratid\u00e3o por ter voc\u00eas conosco! #sejabemvindos#fam\u00edliafortaleza#viacaofortaleza#aprendiz#jovem#jovemaprendiz#fortaleza#via\u00e7\u00e3o#70anos#via\u00e7\u00e3ofortaleza#via\u00e7\u00e3o#fortaleza#emprego#vagas#motorista#\u00f4nibus#vagasce#vagasfortaleza#acompanhamento#6meses#1ano#umano#ano#semestre<\/p>\n","protected":false},"author":1,"featured_media":9534,"comment_status":"open","ping_status":"open","sticky":false,"template":"","format":"standard","meta":{"_mi_skip_tracking":false,"_monsterinsights_sitenote_active":false,"_monsterinsights_sitenote_note":"","_monsterinsights_sitenote_category":0,"ngg_post_thumbnail":0},"categories":[13],"tags":[18],"_links":{"self":[{"href":"http:\/\/viacaofortaleza.com.br\/index.php\/wp-json\/wp\/v2\/posts\/9533"}],"collection":[{"href":"http:\/\/viacaofortaleza.com.br\/index.php\/wp-json\/wp\/v2\/posts"}],"about":[{"href":"http:\/\/viacaofortaleza.com.br\/index.php\/wp-json\/wp\/v2\/types\/post"}],"author":[{"embeddable":true,"href":"http:\/\/viacaofortaleza.com.br\/index.php\/wp-json\/wp\/v2\/users\/1"}],"replies":[{"embeddable":true,"href":"http:\/\/viacaofortaleza.com.br\/index.php\/wp-json\/wp\/v2\/comments?post=9533"}],"version-history":[{"count":1,"href":"http:\/\/viacaofortaleza.com.br\/index.php\/wp-json\/wp\/v2\/posts\/9533\/revisions"}],"predecessor-version":[{"id":9537,"href":"http:\/\/viacaofortaleza.com.br\/index.php\/wp-json\/wp\/v2\/posts\/9533\/revisions\/9537"}],"wp:featuredmedia":[{"embeddable":true,"href":"http:\/\/viacaofortaleza.com.br\/index.php\/wp-json\/wp\/v2\/media\/9534"}],"wp:attachment":[{"href":"http:\/\/viacaofortaleza.com.br\/index.php\/wp-json\/wp\/v2\/media?parent=9533"}],"wp:term":[{"taxonomy":"category","embeddable":true,"href":"http:\/\/viacaofortaleza.com.br\/index.php\/wp-json\/wp\/v2\/categories?post=9533"},{"taxonomy":"post_tag","embeddable":true,"href":"http:\/\/viacaofortaleza.com.br\/index.php\/wp-json\/wp\/v2\/tags?post=9533"}],"curies":[{"name":"wp","href":"https:\/\/api.w.org\/{rel}","templated":true}]}}