{"id":9556,"date":"2022-12-08T08:47:32","date_gmt":"2022-12-08T11:47:32","guid":{"rendered":"http:\/\/viacaofortaleza.com.br\/?p=9556"},"modified":"2022-12-08T08:47:33","modified_gmt":"2022-12-08T11:47:33","slug":"conscientizacao-esseeocaminho","status":"publish","type":"post","link":"http:\/\/viacaofortaleza.com.br\/index.php\/2022\/12\/08\/conscientizacao-esseeocaminho\/","title":{"rendered":"Conscientiza\u00e7\u00e3o #ESSE\u00c9OCAMINHO"},"content":{"rendered":"<p class=\"has-black-color has-text-color\">A Auto Via\u00e7\u00e3o Fortaleza participou no \u00faltimo dia 05.12 de uma a\u00e7\u00e3o no terminal da messejana, promovida pelo Minist\u00e9rio P\u00fablico do Estado do Cear\u00e1, OAB Cear\u00e1, ETUFOR e Sindi\u00f4nibus com o objetivo de conscientizar a popula\u00e7\u00e3o e os operadores a respeito da import\u00e2ncia da acessibilidade e da inclus\u00e3o no transporte coletivo.<\/p>\n<p class=\"has-black-color has-text-color\">Confira ao lado alguns registros.<\/p>\n<p class=\"has-black-color has-text-color\"><a href=\"https:\/\/www.instagram.com\/explore\/tags\/viacaofortaleza\/\">#viacaofortaleza<\/a><a href=\"https:\/\/www.instagram.com\/explore\/tags\/sa%C3%BAde\/\">#sa\u00fade<\/a><a href=\"https:\/\/www.instagram.com\/explore\/tags\/autocuidado\/\">#autocuidado<\/a><a href=\"https:\/\/www.instagram.com\/explore\/tags\/cuidado\/\">#cuidado<\/a><a href=\"https:\/\/www.instagram.com\/explore\/tags\/via%C3%A7%C3%A3o\/\">#via\u00e7\u00e3o<\/a><a href=\"https:\/\/www.instagram.com\/explore\/tags\/fortaleza\/\">#fortaleza<\/a><br \/><a href=\"https:\/\/www.instagram.com\/explore\/tags\/preven%C3%A7%C3%A3o\/\">#preven\u00e7\u00e3o<\/a><a href=\"https:\/\/www.instagram.com\/explore\/tags\/cuidado\/\">#cuidado<\/a><a href=\"https:\/\/www.instagram.com\/explore\/tags\/seguran%C3%A7a\/\">#seguran\u00e7a<\/a><a href=\"https:\/\/www.instagram.com\/explore\/tags\/autoviacaofortaleza\/\">#autoviacaofortaleza<\/a><a href=\"https:\/\/www.instagram.com\/explore\/tags\/70anos\/\">#70anos<\/a><a href=\"https:\/\/www.instagram.com\/explore\/tags\/via%C3%A7%C3%A3o\/\">#via\u00e7\u00e3o<\/a><a href=\"https:\/\/www.instagram.com\/explore\/tags\/fortaleza\/\">#fortaleza<\/a><a href=\"https:\/\/www.instagram.com\/explore\/tags\/hist%C3%B3ria\/\">#hist\u00f3ria<\/a><a href=\"https:\/\/www.instagram.com\/explore\/tags\/acessibilidade\/\">#ACESSIBILIDADE<\/a>&nbsp;#<a href=\"https:\/\/www.instagram.com\/explore\/tags\/acessivel\/\">#acessivel<\/a><br \/><a href=\"https:\/\/www.instagram.com\/explore\/tags\/viacaofortaleza\/\">#viacaofortaleza<\/a><a href=\"https:\/\/www.instagram.com\/explore\/tags\/onibus\/\">#onibus<\/a><br \/><a href=\"https:\/\/www.instagram.com\/explore\/tags\/eufa%C3%A7opartedessahist%C3%B3ria\/\">#eufa\u00e7opartedessahist\u00f3ria<\/a><a href=\"https:\/\/www.instagram.com\/explore\/tags\/%C3%B4nibus\/\">#\u00f4nibus<\/a><a href=\"https:\/\/www.instagram.com\/explore\/tags\/transporte\/\">#transporte<\/a><a href=\"https:\/\/www.instagram.com\/explore\/tags\/c%C3%A2ncerdemama\/\">#c\u00e2ncerdemama<\/a><a href=\"https:\/\/www.instagram.com\/explore\/tags\/prostata\/\">#prostata<\/a><a href=\"https:\/\/www.instagram.com\/explore\/tags\/azul\/\">#azul<\/a><a href=\"https:\/\/www.instagram.com\/explore\/tags\/homem\/\">#homem<\/a><\/p>\n<figure class=\"wp-block-image size-large\"><img loading=\"lazy\" width=\"1024\" height=\"1024\" src=\"http:\/\/viacaofortaleza.com.br\/wp-content\/uploads\/2022\/12\/Frame-523-1024x1024.png\" alt=\"\" class=\"wp-image-9557\" srcset=\"http:\/\/viacaofortaleza.com.br\/wp-content\/uploads\/2022\/12\/Frame-523-1024x1024.png 1024w, http:\/\/viacaofortaleza.com.br\/wp-content\/uploads\/2022\/12\/Frame-523-300x300.png 300w, http:\/\/viacaofortaleza.com.br\/wp-content\/uploads\/2022\/12\/Frame-523-150x150.png 150w, http:\/\/viacaofortaleza.com.br\/wp-content\/uploads\/2022\/12\/Frame-523-768x768.png 768w, http:\/\/viacaofortaleza.com.br\/wp-content\/uploads\/2022\/12\/Frame-523.png 1080w\" sizes=\"(max-width: 1024px) 100vw, 1024px\" \/><\/figure>\n<figure class=\"wp-block-image size-large\"><img loading=\"lazy\" width=\"1024\" height=\"1024\" src=\"http:\/\/viacaofortaleza.com.br\/wp-content\/uploads\/2022\/12\/Frame-524-1024x1024.png\" alt=\"\" class=\"wp-image-9558\" srcset=\"http:\/\/viacaofortaleza.com.br\/wp-content\/uploads\/2022\/12\/Frame-524-1024x1024.png 1024w, http:\/\/viacaofortaleza.com.br\/wp-content\/uploads\/2022\/12\/Frame-524-300x300.png 300w, http:\/\/viacaofortaleza.com.br\/wp-content\/uploads\/2022\/12\/Frame-524-150x150.png 150w, http:\/\/viacaofortaleza.com.br\/wp-content\/uploads\/2022\/12\/Frame-524-768x768.png 768w, http:\/\/viacaofortaleza.com.br\/wp-content\/uploads\/2022\/12\/Frame-524.png 1080w\" sizes=\"(max-width: 1024px) 100vw, 1024px\" \/><\/figure>\n","protected":false},"excerpt":{"rendered":"<p>A Auto Via\u00e7\u00e3o Fortaleza participou no \u00faltimo dia 05.12 de uma a\u00e7\u00e3o no terminal da messejana, promovida pelo Minist\u00e9rio P\u00fablico do Estado do Cear\u00e1, OAB Cear\u00e1, ETUFOR e Sindi\u00f4nibus com o objetivo de conscientizar a popula\u00e7\u00e3o e os operadores a respeito da import\u00e2ncia da acessibilidade e da inclus\u00e3o no transporte coletivo. Confira ao lado alguns&hellip; <br \/> <a class=\"read-more\" href=\"http:\/\/viacaofortaleza.com.br\/index.php\/2022\/12\/08\/conscientizacao-esseeocaminho\/\">Leia mais<\/a><\/p>\n","protected":false},"author":1,"featured_media":9559,"comment_status":"open","ping_status":"open","sticky":false,"template":"","format":"standard","meta":{"_mi_skip_tracking":false,"_monsterinsights_sitenote_active":false,"_monsterinsights_sitenote_note":"","_monsterinsights_sitenote_category":0,"ngg_post_thumbnail":0},"categories":[1],"tags":[],"_links":{"self":[{"href":"http:\/\/viacaofortaleza.com.br\/index.php\/wp-json\/wp\/v2\/posts\/9556"}],"collection":[{"href":"http:\/\/viacaofortaleza.com.br\/index.php\/wp-json\/wp\/v2\/posts"}],"about":[{"href":"http:\/\/viacaofortaleza.com.br\/index.php\/wp-json\/wp\/v2\/types\/post"}],"author":[{"embeddable":true,"href":"http:\/\/viacaofortaleza.com.br\/index.php\/wp-json\/wp\/v2\/users\/1"}],"replies":[{"embeddable":true,"href":"http:\/\/viacaofortaleza.com.br\/index.php\/wp-json\/wp\/v2\/comments?post=9556"}],"version-history":[{"count":1,"href":"http:\/\/viacaofortaleza.com.br\/index.php\/wp-json\/wp\/v2\/posts\/9556\/revisions"}],"predecessor-version":[{"id":9560,"href":"http:\/\/viacaofortaleza.com.br\/index.php\/wp-json\/wp\/v2\/posts\/9556\/revisions\/9560"}],"wp:featuredmedia":[{"embeddable":true,"href":"http:\/\/viacaofortaleza.com.br\/index.php\/wp-json\/wp\/v2\/media\/9559"}],"wp:attachment":[{"href":"http:\/\/viacaofortaleza.com.br\/index.php\/wp-json\/wp\/v2\/media?parent=9556"}],"wp:term":[{"taxonomy":"category","embeddable":true,"href":"http:\/\/viacaofortaleza.com.br\/index.php\/wp-json\/wp\/v2\/categories?post=9556"},{"taxonomy":"post_tag","embeddable":true,"href":"http:\/\/viacaofortaleza.com.br\/index.php\/wp-json\/wp\/v2\/tags?post=9556"}],"curies":[{"name":"wp","href":"https:\/\/api.w.org\/{rel}","templated":true}]}}