{"id":9562,"date":"2022-12-08T13:15:31","date_gmt":"2022-12-08T16:15:31","guid":{"rendered":"http:\/\/viacaofortaleza.com.br\/?p=9562"},"modified":"2022-12-08T13:17:00","modified_gmt":"2022-12-08T16:17:00","slug":"encontro-de-linhas-315-messejana-parangaba","status":"publish","type":"post","link":"http:\/\/viacaofortaleza.com.br\/index.php\/2022\/12\/08\/encontro-de-linhas-315-messejana-parangaba\/","title":{"rendered":"Encontro de Linhas &#8211; 315 Messejana\/Parangaba"},"content":{"rendered":"<figure class=\"wp-block-image size-large\"><img loading=\"lazy\" width=\"1024\" height=\"1024\" src=\"http:\/\/viacaofortaleza.com.br\/wp-content\/uploads\/2022\/12\/Frame-526-1024x1024.png\" alt=\"\" class=\"wp-image-9563\" srcset=\"http:\/\/viacaofortaleza.com.br\/wp-content\/uploads\/2022\/12\/Frame-526-1024x1024.png 1024w, http:\/\/viacaofortaleza.com.br\/wp-content\/uploads\/2022\/12\/Frame-526-300x300.png 300w, http:\/\/viacaofortaleza.com.br\/wp-content\/uploads\/2022\/12\/Frame-526-150x150.png 150w, http:\/\/viacaofortaleza.com.br\/wp-content\/uploads\/2022\/12\/Frame-526-768x768.png 768w, http:\/\/viacaofortaleza.com.br\/wp-content\/uploads\/2022\/12\/Frame-526.png 1080w\" sizes=\"(max-width: 1024px) 100vw, 1024px\" \/><\/figure>\n<figure class=\"wp-block-image size-large\"><img loading=\"lazy\" width=\"1024\" height=\"1024\" src=\"http:\/\/viacaofortaleza.com.br\/wp-content\/uploads\/2022\/12\/Frame-527-1024x1024.png\" alt=\"\" class=\"wp-image-9564\" srcset=\"http:\/\/viacaofortaleza.com.br\/wp-content\/uploads\/2022\/12\/Frame-527-1024x1024.png 1024w, http:\/\/viacaofortaleza.com.br\/wp-content\/uploads\/2022\/12\/Frame-527-300x300.png 300w, http:\/\/viacaofortaleza.com.br\/wp-content\/uploads\/2022\/12\/Frame-527-150x150.png 150w, http:\/\/viacaofortaleza.com.br\/wp-content\/uploads\/2022\/12\/Frame-527-768x768.png 768w, http:\/\/viacaofortaleza.com.br\/wp-content\/uploads\/2022\/12\/Frame-527.png 1080w\" sizes=\"(max-width: 1024px) 100vw, 1024px\" \/><\/figure>\n<figure class=\"wp-block-image size-large\"><img loading=\"lazy\" width=\"1024\" height=\"1024\" src=\"http:\/\/viacaofortaleza.com.br\/wp-content\/uploads\/2022\/12\/Frame-529-1024x1024.png\" alt=\"\" class=\"wp-image-9565\" srcset=\"http:\/\/viacaofortaleza.com.br\/wp-content\/uploads\/2022\/12\/Frame-529-1024x1024.png 1024w, http:\/\/viacaofortaleza.com.br\/wp-content\/uploads\/2022\/12\/Frame-529-300x300.png 300w, http:\/\/viacaofortaleza.com.br\/wp-content\/uploads\/2022\/12\/Frame-529-150x150.png 150w, http:\/\/viacaofortaleza.com.br\/wp-content\/uploads\/2022\/12\/Frame-529-768x768.png 768w, http:\/\/viacaofortaleza.com.br\/wp-content\/uploads\/2022\/12\/Frame-529.png 1080w\" sizes=\"(max-width: 1024px) 100vw, 1024px\" \/><\/figure>\n<p>\ud83d\ude8d\ud83e\udd1d A Auto Via\u00e7\u00e3o Fortaleza realizou ontem a primeira edi\u00e7\u00e3o do \u201cEncontro de Linhas\u201d com os Condutores de Vidas da Linha 315, visando a conscientiza\u00e7\u00e3o quanto ao bom atendimento ao p\u00fablico e \u00e0 dire\u00e7\u00e3o econ\u00f4mica.<\/p>\n<p>Confia ao acima alguns registros.<\/p>\n<p><a href=\"https:\/\/www.instagram.com\/explore\/tags\/viacaofortaleza\/\">#viacaofortaleza<\/a><a href=\"https:\/\/www.instagram.com\/explore\/tags\/sa%C3%BAde\/\">#sa\u00fade<\/a><a href=\"https:\/\/www.instagram.com\/explore\/tags\/autocuidado\/\">#autocuidado<\/a><a href=\"https:\/\/www.instagram.com\/explore\/tags\/cuidado\/\">#cuidado<\/a><a href=\"https:\/\/www.instagram.com\/explore\/tags\/via%C3%A7%C3%A3o\/\">#via\u00e7\u00e3o<\/a><a href=\"https:\/\/www.instagram.com\/explore\/tags\/fortaleza\/\">#fortaleza<\/a><br \/><a href=\"https:\/\/www.instagram.com\/explore\/tags\/preven%C3%A7%C3%A3o\/\">#preven\u00e7\u00e3o<\/a><a href=\"https:\/\/www.instagram.com\/explore\/tags\/cuidado\/\">#cuidado<\/a><a href=\"https:\/\/www.instagram.com\/explore\/tags\/seguran%C3%A7a\/\">#seguran\u00e7a<\/a><a href=\"https:\/\/www.instagram.com\/explore\/tags\/autoviacaofortaleza\/\">#autoviacaofortaleza<\/a><a href=\"https:\/\/www.instagram.com\/explore\/tags\/70anos\/\">#70anos<\/a><a href=\"https:\/\/www.instagram.com\/explore\/tags\/via%C3%A7%C3%A3o\/\">#via\u00e7\u00e3o<\/a><a href=\"https:\/\/www.instagram.com\/explore\/tags\/fortaleza\/\">#fortaleza<\/a><a href=\"https:\/\/www.instagram.com\/explore\/tags\/hist%C3%B3ria\/\">#hist\u00f3ria<\/a><a href=\"https:\/\/www.instagram.com\/explore\/tags\/acessibilidade\/\">#ACESSIBILIDADE<\/a>\u00a0<a href=\"https:\/\/www.instagram.com\/explore\/tags\/acessivel\/\">#acessivel<\/a><br \/><a href=\"https:\/\/www.instagram.com\/explore\/tags\/viacaofortaleza\/\">#viacaofortaleza<\/a><a href=\"https:\/\/www.instagram.com\/explore\/tags\/onibus\/\">#onibus<\/a><br \/><a href=\"https:\/\/www.instagram.com\/explore\/tags\/eufa%C3%A7opartedessahist%C3%B3ria\/\">#eufa\u00e7opartedessahist\u00f3ria<\/a><a href=\"https:\/\/www.instagram.com\/explore\/tags\/%C3%B4nibus\/\">#\u00f4nibus<\/a><a href=\"https:\/\/www.instagram.com\/explore\/tags\/transporte\/\">#transporte<\/a><a href=\"https:\/\/www.instagram.com\/explore\/tags\/encontrodelinhas\/\">#encontrodelinhas<\/a><a href=\"https:\/\/www.instagram.com\/explore\/tags\/315\/\">#315<\/a><a href=\"https:\/\/www.instagram.com\/explore\/tags\/messejana\/\">#messejana<\/a><a href=\"https:\/\/www.instagram.com\/explore\/tags\/parangaba\/\">#parangaba<\/a><\/p>\n","protected":false},"excerpt":{"rendered":"<p>\ud83d\ude8d\ud83e\udd1d A Auto Via\u00e7\u00e3o Fortaleza realizou ontem a primeira edi\u00e7\u00e3o do \u201cEncontro de Linhas\u201d com os Condutores de Vidas da Linha 315, visando a conscientiza\u00e7\u00e3o quanto ao bom atendimento ao p\u00fablico e \u00e0 dire\u00e7\u00e3o econ\u00f4mica. Confia ao acima alguns registros. #viacaofortaleza#sa\u00fade#autocuidado#cuidado#via\u00e7\u00e3o#fortaleza#preven\u00e7\u00e3o#cuidado#seguran\u00e7a#autoviacaofortaleza#70anos#via\u00e7\u00e3o#fortaleza#hist\u00f3ria#ACESSIBILIDADE\u00a0#acessivel#viacaofortaleza#onibus#eufa\u00e7opartedessahist\u00f3ria#\u00f4nibus#transporte#encontrodelinhas#315#messejana#parangaba<\/p>\n","protected":false},"author":1,"featured_media":9566,"comment_status":"open","ping_status":"open","sticky":false,"template":"","format":"standard","meta":{"_mi_skip_tracking":false,"_monsterinsights_sitenote_active":false,"_monsterinsights_sitenote_note":"","_monsterinsights_sitenote_category":0,"ngg_post_thumbnail":0},"categories":[1],"tags":[],"_links":{"self":[{"href":"http:\/\/viacaofortaleza.com.br\/index.php\/wp-json\/wp\/v2\/posts\/9562"}],"collection":[{"href":"http:\/\/viacaofortaleza.com.br\/index.php\/wp-json\/wp\/v2\/posts"}],"about":[{"href":"http:\/\/viacaofortaleza.com.br\/index.php\/wp-json\/wp\/v2\/types\/post"}],"author":[{"embeddable":true,"href":"http:\/\/viacaofortaleza.com.br\/index.php\/wp-json\/wp\/v2\/users\/1"}],"replies":[{"embeddable":true,"href":"http:\/\/viacaofortaleza.com.br\/index.php\/wp-json\/wp\/v2\/comments?post=9562"}],"version-history":[{"count":2,"href":"http:\/\/viacaofortaleza.com.br\/index.php\/wp-json\/wp\/v2\/posts\/9562\/revisions"}],"predecessor-version":[{"id":9568,"href":"http:\/\/viacaofortaleza.com.br\/index.php\/wp-json\/wp\/v2\/posts\/9562\/revisions\/9568"}],"wp:featuredmedia":[{"embeddable":true,"href":"http:\/\/viacaofortaleza.com.br\/index.php\/wp-json\/wp\/v2\/media\/9566"}],"wp:attachment":[{"href":"http:\/\/viacaofortaleza.com.br\/index.php\/wp-json\/wp\/v2\/media?parent=9562"}],"wp:term":[{"taxonomy":"category","embeddable":true,"href":"http:\/\/viacaofortaleza.com.br\/index.php\/wp-json\/wp\/v2\/categories?post=9562"},{"taxonomy":"post_tag","embeddable":true,"href":"http:\/\/viacaofortaleza.com.br\/index.php\/wp-json\/wp\/v2\/tags?post=9562"}],"curies":[{"name":"wp","href":"https:\/\/api.w.org\/{rel}","templated":true}]}}