{"id":128,"count":2,"description":"","link":"http:\/\/viacaofortaleza.com.br\/index.php\/tag\/dia-estadual-de-combate-e-conscientizacao-contra-o-assedio-nos-transportes-coletivos\/","name":"Dia Estadual de Combate e Conscientiza\u00e7\u00e3o contra o Ass\u00e9dio nos Transportes Coletivos","slug":"dia-estadual-de-combate-e-conscientizacao-contra-o-assedio-nos-transportes-coletivos","taxonomy":"post_tag","meta":[],"_links":{"self":[{"href":"http:\/\/viacaofortaleza.com.br\/index.php\/wp-json\/wp\/v2\/tags\/128"}],"collection":[{"href":"http:\/\/viacaofortaleza.com.br\/index.php\/wp-json\/wp\/v2\/tags"}],"about":[{"href":"http:\/\/viacaofortaleza.com.br\/index.php\/wp-json\/wp\/v2\/taxonomies\/post_tag"}],"wp:post_type":[{"href":"http:\/\/viacaofortaleza.com.br\/index.php\/wp-json\/wp\/v2\/posts?tags=128"}],"curies":[{"name":"wp","href":"https:\/\/api.w.org\/{rel}","templated":true}]}}