{"id":237,"count":1,"description":"","link":"http:\/\/viacaofortaleza.com.br\/index.php\/tag\/blitz-pre-carnaval-sest-senat-e-viacao-fortaleza\/","name":"Blitz pr\u00e9-carnaval - Sest Senat e Via\u00e7\u00e3o Fortaleza","slug":"blitz-pre-carnaval-sest-senat-e-viacao-fortaleza","taxonomy":"post_tag","meta":[],"_links":{"self":[{"href":"http:\/\/viacaofortaleza.com.br\/index.php\/wp-json\/wp\/v2\/tags\/237"}],"collection":[{"href":"http:\/\/viacaofortaleza.com.br\/index.php\/wp-json\/wp\/v2\/tags"}],"about":[{"href":"http:\/\/viacaofortaleza.com.br\/index.php\/wp-json\/wp\/v2\/taxonomies\/post_tag"}],"wp:post_type":[{"href":"http:\/\/viacaofortaleza.com.br\/index.php\/wp-json\/wp\/v2\/posts?tags=237"}],"curies":[{"name":"wp","href":"https:\/\/api.w.org\/{rel}","templated":true}]}}