{"id":473,"count":1,"description":"","link":"http:\/\/viacaofortaleza.com.br\/index.php\/tag\/semana-nacional-do-transito-2019-sest-senat-na-viacao-fortaleza\/","name":"Semana Nacional do Tr\u00e2nsito 2019 - SEST SENAT na Via\u00e7\u00e3o Fortaleza","slug":"semana-nacional-do-transito-2019-sest-senat-na-viacao-fortaleza","taxonomy":"post_tag","meta":[],"_links":{"self":[{"href":"http:\/\/viacaofortaleza.com.br\/index.php\/wp-json\/wp\/v2\/tags\/473"}],"collection":[{"href":"http:\/\/viacaofortaleza.com.br\/index.php\/wp-json\/wp\/v2\/tags"}],"about":[{"href":"http:\/\/viacaofortaleza.com.br\/index.php\/wp-json\/wp\/v2\/taxonomies\/post_tag"}],"wp:post_type":[{"href":"http:\/\/viacaofortaleza.com.br\/index.php\/wp-json\/wp\/v2\/posts?tags=473"}],"curies":[{"name":"wp","href":"https:\/\/api.w.org\/{rel}","templated":true}]}}