{"id":920,"count":1,"description":"","link":"http:\/\/viacaofortaleza.com.br\/index.php\/tag\/setembro-amarelo-conscientizacao-e-prevencao-ao-suicidio\/","name":"Setembro Amarelo - Conscientiza\u00e7\u00e3o e preven\u00e7\u00e3o ao suic\u00eddio","slug":"setembro-amarelo-conscientizacao-e-prevencao-ao-suicidio","taxonomy":"post_tag","meta":[],"_links":{"self":[{"href":"http:\/\/viacaofortaleza.com.br\/index.php\/wp-json\/wp\/v2\/tags\/920"}],"collection":[{"href":"http:\/\/viacaofortaleza.com.br\/index.php\/wp-json\/wp\/v2\/tags"}],"about":[{"href":"http:\/\/viacaofortaleza.com.br\/index.php\/wp-json\/wp\/v2\/taxonomies\/post_tag"}],"wp:post_type":[{"href":"http:\/\/viacaofortaleza.com.br\/index.php\/wp-json\/wp\/v2\/posts?tags=920"}],"curies":[{"name":"wp","href":"https:\/\/api.w.org\/{rel}","templated":true}]}}